{"id":117318,"date":"2025-11-13T21:27:18","date_gmt":"2025-11-13T21:27:18","guid":{"rendered":"https:\/\/primicias2262.com\/noticias\/?p=117318"},"modified":"2025-11-13T21:27:18","modified_gmt":"2025-11-13T21:27:18","slug":"basta-de-persecucion-al-peronismo-el-mensaje-de-la-agrupacion-de-larroque-tras-la-sentencia-a-de-vido","status":"publish","type":"post","link":"https:\/\/primicias2262.com\/noticias\/basta-de-persecucion-al-peronismo-el-mensaje-de-la-agrupacion-de-larroque-tras-la-sentencia-a-de-vido\/","title":{"rendered":"\u201cBasta de persecuci\u00f3n al peronismo\u201d: el mensaje de la agrupaci\u00f3n de Larroque tras la sentencia a De Vido"},"content":{"rendered":"<p>La agrupaci\u00f3n\u00a0<i>La Patria es el Otro<\/i>, que responde al ministro de Desarrollo de la Comunidad bonaerense,\u00a0<strong>Andr\u00e9s \u201cCuervo\u201d Larroque<\/strong>, expres\u00f3 hoy su solidaridad con el ex ministro de Planificaci\u00f3n Federal<strong>\u00a0Julio De Vido<\/strong>\u00a0y denunci\u00f3 una \u201c<strong>persecuci\u00f3n judicial<\/strong>\u201d contra el peronismo.<\/p>\n<p>\u201cDesde La Patria es el Otro expresamos nuestra solidaridad con el compa\u00f1ero De Vido frente a la persecuci\u00f3n del aparato judicial que hoy vuelve a privarlo de su libertad de manera arbitraria e ileg\u00edtima\u201d, se\u00f1al\u00f3 la organziaci\u00f3n en un comunicado.<\/p>\n<p>El espacio acus\u00f3 a la Justicia de actuar\u00a0<strong>\u201cal servicio del poder econ\u00f3mico\u201d\u00a0<\/strong>y de formar parte de<strong>\u00a0\u201cun plan de disciplinamiento generalizado a la dirigencia pol\u00edtica<\/strong>,\u00a0<strong>gremial y social mientras avanza el plan de entrega y empobrecimiento del presidente Javier Milei\u201d.<\/strong><\/p>\n<p>En el texto, la agrupaci\u00f3n advirti\u00f3 que \u201cel avance feroz de destrucci\u00f3n de derechos y de entrega de nuestra soberan\u00eda se sostiene con la complicidad de un aparato medi\u00e1tico, pol\u00edtico y judicial corrupto que vulnera el estado de derecho argentino condenando y encarcelando a dirigentes de la oposici\u00f3n\u201d.<\/p>\n<p>\u201cSolo la organizaci\u00f3n del pueblo puede vencer a estos poderes corruptos y mafiosos\u201d, concluye el comunicado, que llama a \u201creconstruir una alternativa federal, democr\u00e1tica, soberana y con justicia social\u201d.<\/p>\n<p>De Vido fue trasladado hoy desde los tribunales de Comodoro Py hacia la c\u00e1rcel de Ezeiza, despu\u00e9s de que la Corte Suprema dejara firme el martes \u00faltimo la sentencia del Tribunal Oral Federal 4 por esa causa.<\/p>\n","protected":false},"excerpt":{"rendered":"<p>La agrupaci\u00f3n\u00a0La Patria es el Otro, que responde al ministro de Desarrollo de la Comunidad bonaerense,\u00a0Andr\u00e9s \u201cCuervo\u201d Larroque, expres\u00f3 hoy su solidaridad con el ex ministro de Planificaci\u00f3n Federal\u00a0Julio De Vido\u00a0y denunci\u00f3 una \u201cpersecuci\u00f3n judicial\u201d contra el peronismo. \u201cDesde La Patria es el Otro expresamos nuestra solidaridad con el compa\u00f1ero De Vido frente a la [&hellip;]<\/p>\n","protected":false},"author":3,"featured_media":107508,"comment_status":"open","ping_status":"open","sticky":false,"template":"","format":"standard","meta":{"footnotes":""},"categories":[7],"tags":[],"class_list":{"0":"post-117318","1":"post","2":"type-post","3":"status-publish","4":"format-standard","5":"has-post-thumbnail","7":"category-nac"},"_links":{"self":[{"href":"https:\/\/primicias2262.com\/noticias\/wp-json\/wp\/v2\/posts\/117318","targetHints":{"allow":["GET"]}}],"collection":[{"href":"https:\/\/primicias2262.com\/noticias\/wp-json\/wp\/v2\/posts"}],"about":[{"href":"https:\/\/primicias2262.com\/noticias\/wp-json\/wp\/v2\/types\/post"}],"author":[{"embeddable":true,"href":"https:\/\/primicias2262.com\/noticias\/wp-json\/wp\/v2\/users\/3"}],"replies":[{"embeddable":true,"href":"https:\/\/primicias2262.com\/noticias\/wp-json\/wp\/v2\/comments?post=117318"}],"version-history":[{"count":1,"href":"https:\/\/primicias2262.com\/noticias\/wp-json\/wp\/v2\/posts\/117318\/revisions"}],"predecessor-version":[{"id":117319,"href":"https:\/\/primicias2262.com\/noticias\/wp-json\/wp\/v2\/posts\/117318\/revisions\/117319"}],"wp:featuredmedia":[{"embeddable":true,"href":"https:\/\/primicias2262.com\/noticias\/wp-json\/wp\/v2\/media\/107508"}],"wp:attachment":[{"href":"https:\/\/primicias2262.com\/noticias\/wp-json\/wp\/v2\/media?parent=117318"}],"wp:term":[{"taxonomy":"category","embeddable":true,"href":"https:\/\/primicias2262.com\/noticias\/wp-json\/wp\/v2\/categories?post=117318"},{"taxonomy":"post_tag","embeddable":true,"href":"https:\/\/primicias2262.com\/noticias\/wp-json\/wp\/v2\/tags?post=117318"}],"curies":[{"name":"wp","href":"https:\/\/api.w.org\/{rel}","templated":true}]}}