{"id":117320,"date":"2025-11-13T21:31:21","date_gmt":"2025-11-13T21:31:21","guid":{"rendered":"https:\/\/primicias2262.com\/noticias\/?p=117320"},"modified":"2025-11-15T00:17:24","modified_gmt":"2025-11-15T00:17:24","slug":"necochea-celebra-la-semana-del-helado-artesanal-con-descuentos-especiales-en-heladerias-locales","status":"publish","type":"post","link":"https:\/\/primicias2262.com\/noticias\/necochea-celebra-la-semana-del-helado-artesanal-con-descuentos-especiales-en-heladerias-locales\/","title":{"rendered":"Necochea celebra la Semana del Helado Artesanal con descuentos especiales en helader\u00edas locales"},"content":{"rendered":"<p>Del\u00a0<strong>10 al 16 de noviembre<\/strong>, gracias a la iniciativa y gesti\u00f3n del \u00e1rea de Producci\u00f3n Municipal, Necochea se encuentra en plena celebraci\u00f3n nacional de la Semana del Helado Artesanal, una fecha que reconoce la tradici\u00f3n, el oficio y la calidad del helado hecho con dedicaci\u00f3n y pasi\u00f3n.<\/p>\n<p>En nuestra ciudad, mediante la articulaci\u00f3n de la Direcci\u00f3n de Desarrollo Comercial, Industrial y Agropecuario del municipio, a cargo de Florencia Mart\u00edn, dependiente de la Secretar\u00eda de Turismo, se logr\u00f3 coordinar una atractiva propuesta de promociones junto a helader\u00edas tradicionales, fomentando el consumo local y el acompa\u00f1amiento a los comercios del rubro.<\/p>\n<p>Desde la mencionada Direcci\u00f3n destacaron que \u201clas helader\u00edas m\u00e1s tradicionales de Necochea tambi\u00e9n se suman a esta iniciativa, acompa\u00f1ando con promociones especiales para que m\u00e1s personas puedan disfrutar de este producto tan caracter\u00edstico de nuestra ciudad\u201d.<\/p>\n<p>Las promociones especiales se concentrar\u00e1n especialmente este jueves 13 de noviembre, aunque cada comercio ofrece distintos beneficios a lo largo de la semana y se pueden verificar en las redes de\u00a0<strong><a href=\"https:\/\/www.instagram.com\/produccionnecochea\/\">Produccionnecochea<\/a><\/strong>.<\/p>\n<p><strong>-Helados Chinos (59 y 64):<\/strong>\u00a0pagando un vaso chico o cucurucho chico, se pueden llevar el vaso o cucurucho grande. Promoci\u00f3n v\u00e1lida en todas sus sucursales hasta el 16 de noviembre.<\/p>\n<p><strong>-El Artesano (75 y 26; 91 y 36; 59 y 46):<\/strong>\u00a020% de descuento este jueves 13, tanto para compras en los locales como en el servicio de delivery.<\/p>\n<p><strong>-Helader\u00eda Tirol (Diagonal San Mart\u00edn N\u00ba 1269):<\/strong><\/p>\n<p>Jueves 13: 2\u00d71 en 1\/4 de helado.<br \/>\nViernes 14: 2\u00d71 en tacitas.<br \/>\nS\u00e1bado 15: comprando un kilo, te llev\u00e1s 1\/4 de regalo.<br \/>\nDomingo 16: 2\u00d71 en 1\/4 (hasta dos gustos).<\/p>\n<p><strong>-Helados Keops<\/strong>: hasta el jueves 13, tres potes de 1\/4 a $16.000; adem\u00e1s, pagando el vaso o cucurucho chico, te llev\u00e1s el grande.<\/p>\n<p>De esta manera, la Municipalidad de Necochea acompa\u00f1a una iniciativa que combina la promoci\u00f3n de la producci\u00f3n artesanal con el fortalecimiento del comercio local, invitando a vecinos y vecinas a disfrutar de una semana especial dedicada a uno de los cl\u00e1sicos sabores del verano.<\/p>\n","protected":false},"excerpt":{"rendered":"<p>Del\u00a010 al 16 de noviembre, gracias a la iniciativa y gesti\u00f3n del \u00e1rea de Producci\u00f3n Municipal, Necochea se encuentra en plena celebraci\u00f3n nacional de la Semana del Helado Artesanal, una fecha que reconoce la tradici\u00f3n, el oficio y la calidad del helado hecho con dedicaci\u00f3n y pasi\u00f3n. En nuestra ciudad, mediante la articulaci\u00f3n de la [&hellip;]<\/p>\n","protected":false},"author":3,"featured_media":117321,"comment_status":"open","ping_status":"open","sticky":false,"template":"","format":"standard","meta":{"footnotes":""},"categories":[3],"tags":[],"class_list":{"0":"post-117320","1":"post","2":"type-post","3":"status-publish","4":"format-standard","5":"has-post-thumbnail","7":"category-masnoticias"},"_links":{"self":[{"href":"https:\/\/primicias2262.com\/noticias\/wp-json\/wp\/v2\/posts\/117320","targetHints":{"allow":["GET"]}}],"collection":[{"href":"https:\/\/primicias2262.com\/noticias\/wp-json\/wp\/v2\/posts"}],"about":[{"href":"https:\/\/primicias2262.com\/noticias\/wp-json\/wp\/v2\/types\/post"}],"author":[{"embeddable":true,"href":"https:\/\/primicias2262.com\/noticias\/wp-json\/wp\/v2\/users\/3"}],"replies":[{"embeddable":true,"href":"https:\/\/primicias2262.com\/noticias\/wp-json\/wp\/v2\/comments?post=117320"}],"version-history":[{"count":1,"href":"https:\/\/primicias2262.com\/noticias\/wp-json\/wp\/v2\/posts\/117320\/revisions"}],"predecessor-version":[{"id":117322,"href":"https:\/\/primicias2262.com\/noticias\/wp-json\/wp\/v2\/posts\/117320\/revisions\/117322"}],"wp:featuredmedia":[{"embeddable":true,"href":"https:\/\/primicias2262.com\/noticias\/wp-json\/wp\/v2\/media\/117321"}],"wp:attachment":[{"href":"https:\/\/primicias2262.com\/noticias\/wp-json\/wp\/v2\/media?parent=117320"}],"wp:term":[{"taxonomy":"category","embeddable":true,"href":"https:\/\/primicias2262.com\/noticias\/wp-json\/wp\/v2\/categories?post=117320"},{"taxonomy":"post_tag","embeddable":true,"href":"https:\/\/primicias2262.com\/noticias\/wp-json\/wp\/v2\/tags?post=117320"}],"curies":[{"name":"wp","href":"https:\/\/api.w.org\/{rel}","templated":true}]}}