{"id":117324,"date":"2025-11-14T17:10:52","date_gmt":"2025-11-14T17:10:52","guid":{"rendered":"https:\/\/primicias2262.com\/noticias\/?p=117324"},"modified":"2025-11-17T16:58:49","modified_gmt":"2025-11-17T16:58:49","slug":"la-impronta-que-se-le-dio-al-centro-cultural-en-los-ultimos-anos-es-de-apertura-total","status":"publish","type":"post","link":"https:\/\/primicias2262.com\/noticias\/la-impronta-que-se-le-dio-al-centro-cultural-en-los-ultimos-anos-es-de-apertura-total\/","title":{"rendered":"\u201cLa impronta que se le dio al Centro Cultural en los \u00faltimos a\u00f1os es de apertura total\u201d"},"content":{"rendered":"<p><strong>El presidente del Centro Cultural \u2013 Biblioteca Popular \u201cAndr\u00e9s Ferreyra\u201d, Gabriel Traversini, destac\u00f3 el crecimiento y la transformaci\u00f3n de la hist\u00f3rica instituci\u00f3n durante una entrevista con el periodista Jorge G\u00f3mez en el programa Voces de la Ciudad, que se emite por Estaci\u00f3n FREE 90.3 FM. All\u00ed expres\u00f3 que presidir un espacio de tanto prestigio en Necochea es \u201cun honor y una enorme responsabilidad\u201d.<\/strong><\/p>\n<p>Traversini record\u00f3 que su v\u00ednculo con la instituci\u00f3n comenz\u00f3 por invitaci\u00f3n de Juan Marraro, quien lo convoc\u00f3 a participar de la comisi\u00f3n directiva. \u201cMe puse a disposici\u00f3n; de eso se trata. La renovaci\u00f3n siempre trae nuevos aportes\u201d, dijo. En ese camino, antes de asumir la presidencia, ocup\u00f3 el rol de tesorero, tarea que le permiti\u00f3 conocer a fondo el funcionamiento interno del Centro Cultural.<\/p>\n<p>El titular de la entidad explic\u00f3 que el Centro Cultural es una asociaci\u00f3n civil que exige una gesti\u00f3n completa: la administraci\u00f3n econ\u00f3mica, la definici\u00f3n de contenidos \u2014con el acompa\u00f1amiento de la direcci\u00f3n de Alberto Franco\u2014 y el mantenimiento del edificio. \u201cSon muchas las cosas que hay que hacer y hoy me toca estar como presidente, pero esto es un equipo de trabajo. Cada uno hace algo y cada uno tiene algo para aportar\u201d, subray\u00f3.<\/p>\n<p>Traversini reconoci\u00f3 que, si bien el Centro Cultural siempre cont\u00f3 con prestigio, durante a\u00f1os tuvo un perfil m\u00e1s cerrado que lo hac\u00eda parecer una instituci\u00f3n elitista. Sin embargo, destac\u00f3 que esa percepci\u00f3n cambi\u00f3 por completo: \u201cHoy lo vemos como la ant\u00edtesis de eso. La impronta que se le dio al Centro Cultural en los \u00faltimos a\u00f1os es de apertura total. La instituci\u00f3n tiene un latido propio y al entrar se percibe.\u201d<\/p>\n<p>El proceso de transformaci\u00f3n incluy\u00f3 una profunda ampliaci\u00f3n de la oferta cultural y social, con propuestas destinadas a distintos p\u00fablicos. Entre ellas, mencion\u00f3 los espect\u00e1culos, los ciclos de cultura, iniciativas creativas y la apertura del \u201cCentro Cultural de Noche\u201d, que brinda espacio al desarrollo de la producci\u00f3n y los emprendimientos locales.<\/p>\n<p>Asimismo, resalt\u00f3 la consolidaci\u00f3n de proyectos como el Centro Cultural de Ni\u00f1os y la biblioteca m\u00f3vil, que permiten extender las actividades m\u00e1s all\u00e1 del edificio central y llegar a nuevos sectores de la comunidad.<\/p>\n<p>\u201cTodo esto fue gracias a gente comprometida con ese cambio y muy consciente de que la instituci\u00f3n deb\u00eda abrirse. El saldo ha sido absolutamente positivo\u201d, expres\u00f3 Traversini.<\/p>\n<p>El presidente tambi\u00e9n puso en valor el crecimiento del Multiespacio, ubicado a la izquierda del ingreso principal. Lo defini\u00f3 como \u201cel espacio m\u00e1s vivido de la instituci\u00f3n\u201d, donde la diversidad de actividades y la din\u00e1mica diaria marcan una diferencia respecto de la tradicional sala de lectura.<\/p>\n<p>\u201cAll\u00ed sucede de todo, con un movimiento constante y abierto a la comunidad. Es una muestra de c\u00f3mo la instituci\u00f3n est\u00e1 viva\u201d, concluy\u00f3.<\/p>\n","protected":false},"excerpt":{"rendered":"<p>El presidente del Centro Cultural \u2013 Biblioteca Popular \u201cAndr\u00e9s Ferreyra\u201d, Gabriel Traversini, destac\u00f3 el crecimiento y la transformaci\u00f3n de la hist\u00f3rica instituci\u00f3n durante una entrevista con el periodista Jorge G\u00f3mez en el programa Voces de la Ciudad, que se emite por Estaci\u00f3n FREE 90.3 FM. All\u00ed expres\u00f3 que presidir un espacio de tanto prestigio en [&hellip;]<\/p>\n","protected":false},"author":3,"featured_media":117329,"comment_status":"open","ping_status":"open","sticky":false,"template":"","format":"standard","meta":{"footnotes":""},"categories":[3],"tags":[],"class_list":{"0":"post-117324","1":"post","2":"type-post","3":"status-publish","4":"format-standard","5":"has-post-thumbnail","7":"category-masnoticias"},"_links":{"self":[{"href":"https:\/\/primicias2262.com\/noticias\/wp-json\/wp\/v2\/posts\/117324","targetHints":{"allow":["GET"]}}],"collection":[{"href":"https:\/\/primicias2262.com\/noticias\/wp-json\/wp\/v2\/posts"}],"about":[{"href":"https:\/\/primicias2262.com\/noticias\/wp-json\/wp\/v2\/types\/post"}],"author":[{"embeddable":true,"href":"https:\/\/primicias2262.com\/noticias\/wp-json\/wp\/v2\/users\/3"}],"replies":[{"embeddable":true,"href":"https:\/\/primicias2262.com\/noticias\/wp-json\/wp\/v2\/comments?post=117324"}],"version-history":[{"count":1,"href":"https:\/\/primicias2262.com\/noticias\/wp-json\/wp\/v2\/posts\/117324\/revisions"}],"predecessor-version":[{"id":117332,"href":"https:\/\/primicias2262.com\/noticias\/wp-json\/wp\/v2\/posts\/117324\/revisions\/117332"}],"wp:featuredmedia":[{"embeddable":true,"href":"https:\/\/primicias2262.com\/noticias\/wp-json\/wp\/v2\/media\/117329"}],"wp:attachment":[{"href":"https:\/\/primicias2262.com\/noticias\/wp-json\/wp\/v2\/media?parent=117324"}],"wp:term":[{"taxonomy":"category","embeddable":true,"href":"https:\/\/primicias2262.com\/noticias\/wp-json\/wp\/v2\/categories?post=117324"},{"taxonomy":"post_tag","embeddable":true,"href":"https:\/\/primicias2262.com\/noticias\/wp-json\/wp\/v2\/tags?post=117324"}],"curies":[{"name":"wp","href":"https:\/\/api.w.org\/{rel}","templated":true}]}}