{"id":117325,"date":"2025-11-14T11:03:35","date_gmt":"2025-11-14T11:03:35","guid":{"rendered":"https:\/\/primicias2262.com\/noticias\/?p=117325"},"modified":"2025-11-17T16:58:58","modified_gmt":"2025-11-17T16:58:58","slug":"ely-batistella-brinda-un-seminario-en-punto-59-con-tips-para-pintar-paisajes","status":"publish","type":"post","link":"https:\/\/primicias2262.com\/noticias\/ely-batistella-brinda-un-seminario-en-punto-59-con-tips-para-pintar-paisajes\/","title":{"rendered":"Ely Batistella brinda un seminario en Punto 59 con tips para pintar paisajes"},"content":{"rendered":"<p><strong>La artista local Ely Batistella ofrecer\u00e1 este viernes 14 un seminario \u201ca la gorra consciente\u201d en Punto 59, donde compartir\u00e1 t\u00e9cnicas, consejos y errores comunes a evitar a la hora de pintar paisajes. La propuesta est\u00e1 abierta a toda la comunidad y surge como un espacio de formaci\u00f3n accesible y de intercambio creativo.<\/strong><\/p>\n<p>En di\u00e1logo con el periodista Jorge G\u00f3mez en el programa Voces de la Ciudad, que se emite por Estaci\u00f3n FREE 90.3 FM, Batistella adelant\u00f3 que el encuentro estar\u00e1 enfocado en proporcionar herramientas pr\u00e1cticas tanto para aficionados como para quienes ya transitan el oficio.<\/p>\n<p>\u201cLo que voy a dar es una serie de cosas que no deben hacerse a la hora de pintar un paisaje y c\u00f3mo profesionalizar un poco este oficio; esa es la b\u00fasqueda\u201d, explic\u00f3.<\/p>\n<p>La artista destac\u00f3 que el seminario llega en un momento ideal, ya que se aproxima una nueva edici\u00f3n del tradicional concurso de manchas en el Parque Miguel Lillo, una cita esperada por muchos artistas locales.<\/p>\n<p>\u201cInvitamos a la gente a participar, es abierto a la comunidad y aprovechamos que falta poco para el concurso\u201d, se\u00f1al\u00f3.<\/p>\n<p>Batistella coment\u00f3 que durante esta \u00e9poca del a\u00f1o suele intensificarse la pintura de paisajes al aire libre, por lo que busc\u00f3 dise\u00f1ar un taller \u00fatil para quienes quieran mejorar su t\u00e9cnica antes de salir a pintar en exteriores.<\/p>\n<p>El seminario incluir\u00e1 recomendaciones, experiencias personales y tips que la artista ha ido consolidando a lo largo de su formaci\u00f3n y trayectoria. \u201cTodos los tips que a m\u00ed me han resultado voy a volcarlos en este taller\u201d, afirm\u00f3.<\/p>\n<p>Adem\u00e1s, anticip\u00f3 que este encuentro funcionar\u00e1 como antesala de una jornada pr\u00e1ctica, prevista para diciembre, donde el grupo saldr\u00e1 a pintar al aire libre aplicando lo aprendido.<\/p>\n","protected":false},"excerpt":{"rendered":"<p>La artista local Ely Batistella ofrecer\u00e1 este viernes 14 un seminario \u201ca la gorra consciente\u201d en Punto 59, donde compartir\u00e1 t\u00e9cnicas, consejos y errores comunes a evitar a la hora de pintar paisajes. La propuesta est\u00e1 abierta a toda la comunidad y surge como un espacio de formaci\u00f3n accesible y de intercambio creativo. En di\u00e1logo [&hellip;]<\/p>\n","protected":false},"author":3,"featured_media":117328,"comment_status":"open","ping_status":"open","sticky":false,"template":"","format":"standard","meta":{"footnotes":""},"categories":[3],"tags":[],"class_list":{"0":"post-117325","1":"post","2":"type-post","3":"status-publish","4":"format-standard","5":"has-post-thumbnail","7":"category-masnoticias"},"_links":{"self":[{"href":"https:\/\/primicias2262.com\/noticias\/wp-json\/wp\/v2\/posts\/117325","targetHints":{"allow":["GET"]}}],"collection":[{"href":"https:\/\/primicias2262.com\/noticias\/wp-json\/wp\/v2\/posts"}],"about":[{"href":"https:\/\/primicias2262.com\/noticias\/wp-json\/wp\/v2\/types\/post"}],"author":[{"embeddable":true,"href":"https:\/\/primicias2262.com\/noticias\/wp-json\/wp\/v2\/users\/3"}],"replies":[{"embeddable":true,"href":"https:\/\/primicias2262.com\/noticias\/wp-json\/wp\/v2\/comments?post=117325"}],"version-history":[{"count":2,"href":"https:\/\/primicias2262.com\/noticias\/wp-json\/wp\/v2\/posts\/117325\/revisions"}],"predecessor-version":[{"id":117358,"href":"https:\/\/primicias2262.com\/noticias\/wp-json\/wp\/v2\/posts\/117325\/revisions\/117358"}],"wp:featuredmedia":[{"embeddable":true,"href":"https:\/\/primicias2262.com\/noticias\/wp-json\/wp\/v2\/media\/117328"}],"wp:attachment":[{"href":"https:\/\/primicias2262.com\/noticias\/wp-json\/wp\/v2\/media?parent=117325"}],"wp:term":[{"taxonomy":"category","embeddable":true,"href":"https:\/\/primicias2262.com\/noticias\/wp-json\/wp\/v2\/categories?post=117325"},{"taxonomy":"post_tag","embeddable":true,"href":"https:\/\/primicias2262.com\/noticias\/wp-json\/wp\/v2\/tags?post=117325"}],"curies":[{"name":"wp","href":"https:\/\/api.w.org\/{rel}","templated":true}]}}