{"id":117326,"date":"2025-11-14T17:09:44","date_gmt":"2025-11-14T17:09:44","guid":{"rendered":"https:\/\/primicias2262.com\/noticias\/?p=117326"},"modified":"2025-11-17T16:58:53","modified_gmt":"2025-11-17T16:58:53","slug":"el-dia-mundial-de-la-diabetes-pone-el-foco-en-la-prevencion-y-la-deteccion-temprana","status":"publish","type":"post","link":"https:\/\/primicias2262.com\/noticias\/el-dia-mundial-de-la-diabetes-pone-el-foco-en-la-prevencion-y-la-deteccion-temprana\/","title":{"rendered":"El D\u00eda Mundial de la Diabetes pone el foco en la prevenci\u00f3n y la detecci\u00f3n temprana"},"content":{"rendered":"<p><strong>En el marco del D\u00eda Mundial de la Diabetes, que se conmemora este 14 de noviembre, la Dra. Andrea Medina, diabet\u00f3loga del Hospital Irurzun de Quequ\u00e9n, dialog\u00f3 con el periodista Jorge G\u00f3mez en el programa Voces de la Ciudad por Estaci\u00f3n FREE 90.3 FM, para visibilizar la importancia de la prevenci\u00f3n y el diagn\u00f3stico oportuno de esta enfermedad que afecta a millones de personas en todo el mundo.<\/strong><\/p>\n<p>La profesional record\u00f3 que la fecha fue instituida oficialmente en 2007 con el objetivo de concientizar tanto a quienes conviven con la enfermedad como a aquellas personas que se encuentran en riesgo de desarrollarla. \u201cLa situaci\u00f3n es muy preocupante. Si bien tenemos una enorme cantidad de pacientes diagnosticados, existe otro tanto de personas que tienen diabetes y no lo saben\u201d, advirti\u00f3.<\/p>\n<p>Seg\u00fan datos generales que comparti\u00f3 la especialista, una de cada nueve personas padece la enfermedad y, de ellas, el 50% desconoce su condici\u00f3n. Esta falta de diagn\u00f3stico temprano suele profundizar las complicaciones, especialmente en los casos de diabetes tipo 2, la m\u00e1s frecuente.<\/p>\n<p>Medina explic\u00f3 que si bien existen varios tipos de diabetes, las m\u00e1s extendidas son la tipo 1 y la tipo 2.<\/p>\n<p>La diabetes tipo 1, que representa alrededor del 10% de los casos, suele presentarse de manera brusca y con s\u00edntomas claros desde el inicio.<\/p>\n<p>En cambio, la diabetes tipo 2 \u2014el 90% de los casos a nivel mundial\u2014 puede desarrollarse silenciosamente durante a\u00f1os, sin s\u00edntomas o con se\u00f1ales inespec\u00edficas que pasan desapercibidas.<\/p>\n<p>Por este motivo, la m\u00e9dica remarc\u00f3 que todas las personas deber\u00edan realizarse un chequeo anual, fundamental para detectar la enfermedad a tiempo y evitar complicaciones.<\/p>\n<p>La diabet\u00f3loga se\u00f1al\u00f3 que el sedentarismo es un fen\u00f3meno que los profesionales de la salud vienen observando desde hace a\u00f1os, pero que se agrav\u00f3 tras la pandemia por los largos per\u00edodos de encierro. Ese impacto todav\u00eda se refleja en la poblaci\u00f3n, especialmente en ni\u00f1os y j\u00f3venes con sobrepeso u obesidad.<\/p>\n<p>\u201cLa diabetes es una enfermedad que crece d\u00eda a d\u00eda. En nuestro pa\u00eds afecta a casi 5 millones de personas, el 11,1% de la poblaci\u00f3n nacional\u201d, destac\u00f3.<\/p>\n<p>Ante este panorama, Medina insisti\u00f3 en que la herramienta m\u00e1s efectiva contin\u00faa siendo la prevenci\u00f3n. \u201cAlguien dijo que el mejor tratamiento es la prevenci\u00f3n, y es verdad\u201d, subray\u00f3. En ese sentido, recomend\u00f3 revisar los h\u00e1bitos de vida, haciendo hincapi\u00e9 en:<\/p>\n<p>-Mantener una alimentaci\u00f3n equilibrada y rica en nutrientes.<br \/>\n-Realizar actividad f\u00edsica de manera regular.<br \/>\n-Reducir el estr\u00e9s.<br \/>\n-Evitar el consumo de tabaco.<br \/>\n-Sostener un peso saludable.<\/p>\n<p>\u201cPrevenir est\u00e1 en nuestras manos y depende, en gran medida, de c\u00f3mo decidimos cuidarnos d\u00eda a d\u00eda\u201d, concluy\u00f3.<\/p>\n","protected":false},"excerpt":{"rendered":"<p>En el marco del D\u00eda Mundial de la Diabetes, que se conmemora este 14 de noviembre, la Dra. Andrea Medina, diabet\u00f3loga del Hospital Irurzun de Quequ\u00e9n, dialog\u00f3 con el periodista Jorge G\u00f3mez en el programa Voces de la Ciudad por Estaci\u00f3n FREE 90.3 FM, para visibilizar la importancia de la prevenci\u00f3n y el diagn\u00f3stico oportuno [&hellip;]<\/p>\n","protected":false},"author":3,"featured_media":117327,"comment_status":"open","ping_status":"open","sticky":false,"template":"","format":"standard","meta":{"footnotes":""},"categories":[3],"tags":[],"class_list":{"0":"post-117326","1":"post","2":"type-post","3":"status-publish","4":"format-standard","5":"has-post-thumbnail","7":"category-masnoticias"},"_links":{"self":[{"href":"https:\/\/primicias2262.com\/noticias\/wp-json\/wp\/v2\/posts\/117326","targetHints":{"allow":["GET"]}}],"collection":[{"href":"https:\/\/primicias2262.com\/noticias\/wp-json\/wp\/v2\/posts"}],"about":[{"href":"https:\/\/primicias2262.com\/noticias\/wp-json\/wp\/v2\/types\/post"}],"author":[{"embeddable":true,"href":"https:\/\/primicias2262.com\/noticias\/wp-json\/wp\/v2\/users\/3"}],"replies":[{"embeddable":true,"href":"https:\/\/primicias2262.com\/noticias\/wp-json\/wp\/v2\/comments?post=117326"}],"version-history":[{"count":2,"href":"https:\/\/primicias2262.com\/noticias\/wp-json\/wp\/v2\/posts\/117326\/revisions"}],"predecessor-version":[{"id":117357,"href":"https:\/\/primicias2262.com\/noticias\/wp-json\/wp\/v2\/posts\/117326\/revisions\/117357"}],"wp:featuredmedia":[{"embeddable":true,"href":"https:\/\/primicias2262.com\/noticias\/wp-json\/wp\/v2\/media\/117327"}],"wp:attachment":[{"href":"https:\/\/primicias2262.com\/noticias\/wp-json\/wp\/v2\/media?parent=117326"}],"wp:term":[{"taxonomy":"category","embeddable":true,"href":"https:\/\/primicias2262.com\/noticias\/wp-json\/wp\/v2\/categories?post=117326"},{"taxonomy":"post_tag","embeddable":true,"href":"https:\/\/primicias2262.com\/noticias\/wp-json\/wp\/v2\/tags?post=117326"}],"curies":[{"name":"wp","href":"https:\/\/api.w.org\/{rel}","templated":true}]}}