{"id":117337,"date":"2025-11-15T00:03:42","date_gmt":"2025-11-15T00:03:42","guid":{"rendered":"https:\/\/primicias2262.com\/noticias\/?p=117337"},"modified":"2025-11-15T00:03:42","modified_gmt":"2025-11-15T00:03:42","slug":"el-veredicto-por-el-femicidio-de-cecilia-strzyzowski-se-conocera-este-sabado","status":"publish","type":"post","link":"https:\/\/primicias2262.com\/noticias\/el-veredicto-por-el-femicidio-de-cecilia-strzyzowski-se-conocera-este-sabado\/","title":{"rendered":"El veredicto por el femicidio de Cecilia Strzyzowski se conocer\u00e1 este s\u00e1bado"},"content":{"rendered":"<p><strong>\u00a0<\/strong>Los miembros del jurado popular\u00a0<strong>dictaron un cuarto intermedio hasta este s\u00e1bado a las 8:00 para dar a conocer el veredicto contra el Clan Sena<\/strong>, acusado por el femicidio por el femicidio de\u00a0<strong>Cecilia Strzyzowski.<\/strong><\/p>\n<p><strong>Ricardo Osuna<\/strong>, uno de los defensores de Emerenciano Sena, le inform\u00f3 a la\u00a0<strong>Agencia Noticias Argentinas<\/strong>\u00a0que\u00a0<i><strong>\u00abno llegaron a un acuerdo\u00bb<\/strong><\/i>:\u00a0<i><strong>\u00abCreo que hay una interna entre ellos\u00bb.<\/strong><\/i><\/p>\n<p>En este sentido, el letrado consign\u00f3 que su cliente y los dem\u00e1s imputados est\u00e1n todos\u00a0<i><strong>\u201cansiosos al igual que la comunidad\u00bb<\/strong><\/i>\u00a0para que se realice la lectura del veredicto.<\/p>\n<p title=\"La3ASg\" data-ipspy=\"La3ASg\">Tras los alegatos de cierre, la audiencia de este viernes comenz\u00f3 a las 8:00 en el Centro de Estudios Judiciales, ubicado en Juan B. Justo 42.La3ASg<\/p>\n<p>La magistrada Dolly Fern\u00e1ndez les dio la posibilidad a los siete imputados de pronunciar sus \u00faltimas palabras ante el Tribunal y el jurado popular.<\/p>\n<p>&nbsp;<\/p>\n","protected":false},"excerpt":{"rendered":"<p>\u00a0Los miembros del jurado popular\u00a0dictaron un cuarto intermedio hasta este s\u00e1bado a las 8:00 para dar a conocer el veredicto contra el Clan Sena, acusado por el femicidio por el femicidio de\u00a0Cecilia Strzyzowski. Ricardo Osuna, uno de los defensores de Emerenciano Sena, le inform\u00f3 a la\u00a0Agencia Noticias Argentinas\u00a0que\u00a0\u00abno llegaron a un acuerdo\u00bb:\u00a0\u00abCreo que hay una [&hellip;]<\/p>\n","protected":false},"author":3,"featured_media":117338,"comment_status":"open","ping_status":"open","sticky":false,"template":"","format":"standard","meta":{"footnotes":""},"categories":[7],"tags":[],"class_list":{"0":"post-117337","1":"post","2":"type-post","3":"status-publish","4":"format-standard","5":"has-post-thumbnail","7":"category-nac"},"_links":{"self":[{"href":"https:\/\/primicias2262.com\/noticias\/wp-json\/wp\/v2\/posts\/117337","targetHints":{"allow":["GET"]}}],"collection":[{"href":"https:\/\/primicias2262.com\/noticias\/wp-json\/wp\/v2\/posts"}],"about":[{"href":"https:\/\/primicias2262.com\/noticias\/wp-json\/wp\/v2\/types\/post"}],"author":[{"embeddable":true,"href":"https:\/\/primicias2262.com\/noticias\/wp-json\/wp\/v2\/users\/3"}],"replies":[{"embeddable":true,"href":"https:\/\/primicias2262.com\/noticias\/wp-json\/wp\/v2\/comments?post=117337"}],"version-history":[{"count":1,"href":"https:\/\/primicias2262.com\/noticias\/wp-json\/wp\/v2\/posts\/117337\/revisions"}],"predecessor-version":[{"id":117339,"href":"https:\/\/primicias2262.com\/noticias\/wp-json\/wp\/v2\/posts\/117337\/revisions\/117339"}],"wp:featuredmedia":[{"embeddable":true,"href":"https:\/\/primicias2262.com\/noticias\/wp-json\/wp\/v2\/media\/117338"}],"wp:attachment":[{"href":"https:\/\/primicias2262.com\/noticias\/wp-json\/wp\/v2\/media?parent=117337"}],"wp:term":[{"taxonomy":"category","embeddable":true,"href":"https:\/\/primicias2262.com\/noticias\/wp-json\/wp\/v2\/categories?post=117337"},{"taxonomy":"post_tag","embeddable":true,"href":"https:\/\/primicias2262.com\/noticias\/wp-json\/wp\/v2\/tags?post=117337"}],"curies":[{"name":"wp","href":"https:\/\/api.w.org\/{rel}","templated":true}]}}