{"id":117349,"date":"2025-11-17T16:57:26","date_gmt":"2025-11-17T16:57:26","guid":{"rendered":"https:\/\/primicias2262.com\/noticias\/?p=117349"},"modified":"2025-11-18T15:53:30","modified_gmt":"2025-11-18T15:53:30","slug":"el-peronismo-de-quequen-inicio-una-agenda-de-trabajo-enfocada-en-las-urgencias-de-la-comunidad","status":"publish","type":"post","link":"https:\/\/primicias2262.com\/noticias\/el-peronismo-de-quequen-inicio-una-agenda-de-trabajo-enfocada-en-las-urgencias-de-la-comunidad\/","title":{"rendered":"El peronismo de Quequ\u00e9n inici\u00f3 una agenda de trabajo enfocada en las urgencias de la comunidad"},"content":{"rendered":"<p><strong>El peronismo de Quequ\u00e9n comenz\u00f3 una serie de reuniones orientadas a abordar problem\u00e1ticas urgentes de la localidad. La iniciativa, impulsada por un sector del Partido Justicialista quequenense, tuvo recientemente un encuentro ampliado que reuni\u00f3 a unas 150 personas, donde se debatieron demandas y se plantearon l\u00edneas de acci\u00f3n a futuro.<\/strong><\/p>\n<p>En di\u00e1logo con el periodista Jorge G\u00f3mez, durante el programa Voces de la Ciudad que se emite por Estaci\u00f3n FREE 90.3, Marcelo Ordoqui, uno de los impulsores del espacio, explic\u00f3 el origen del movimiento y los ejes de trabajo que se vienen desarrollando. \u201cHace tiempo que venimos reuni\u00e9ndonos, compartiendo charlas, reuniones y visitas con la gente de Quequ\u00e9n. Surgi\u00f3 la idea y el compromiso de trabajar fuerte por Quequ\u00e9n como primer objetivo\u201d, afirm\u00f3.<\/p>\n<p>Ordoqui sostuvo que la situaci\u00f3n de la localidad requiere atenci\u00f3n urgente. \u201cVemos que Quequ\u00e9n est\u00e1 totalmente retrasado. Pasan los a\u00f1os y las d\u00e9cadas y esto se agrava cada d\u00eda m\u00e1s. La ciudad tiene problemas estructurales muy serios y problemas de primera necesidad\u201d, se\u00f1al\u00f3.<\/p>\n<p>Seg\u00fan expres\u00f3, este diagn\u00f3stico motiv\u00f3 la convocatoria a compa\u00f1eros y vecinas para comenzar a construir propuestas. \u201cLa idea es juntarnos para poder dar una mano y generar proyectos y acciones que mejoren la vida de los vecinos\u201d, agreg\u00f3.<\/p>\n<p>El referente destac\u00f3 que el espacio logr\u00f3 reunir a militantes hist\u00f3ricos que, tras haberse alejado de la actividad partidaria, encontraron nuevamente un lugar de participaci\u00f3n. \u201cMuchos se hab\u00edan desencantado por los manejos del partido, pero han hallado en este espacio contenci\u00f3n, participaci\u00f3n y protagonismo en hechos concretos, y se han sumado\u201d, expres\u00f3.<\/p>\n<p>El encuentro ampliado realizado el viernes pasado permiti\u00f3 profundizar el debate sobre distintas tem\u00e1ticas y proyectar una agenda de trabajo pol\u00edtico. En ese marco, se discutieron preocupaciones que, seg\u00fan Ordoqui, son recurrentes entre los vecinos.<\/p>\n<p>Entre los principales reclamos surgidos del debate se destacaron la erosi\u00f3n costera, problem\u00e1tica que contin\u00faa afectando el frente mar\u00edtimo, la falta de inversi\u00f3n en infraestructura b\u00e1sica, la necesidad de resolver los efluentes cloacales, una demanda hist\u00f3rica de la comunidad y la escasa retribuci\u00f3n de ingresos de Puerto Quequ\u00e9n hacia la localidad, seg\u00fan la mirada del sector.<\/p>\n<p>\u201cTenemos que buscar un espacio amplio y plural, dejar de discutir frivolidades y empezar a dar contenido pol\u00edtico verdadero que solucione la vida de la gente\u201d, sostuvo Ordoqui al referirse al camino que buscan construir.<\/p>\n<p>Finalmente, el dirigente remarc\u00f3 que el desaf\u00edo tambi\u00e9n implica revisar errores internos. \u201cNo hemos hecho una autocr\u00edtica suficiente de por qu\u00e9 la gente est\u00e1 desencantada con la pol\u00edtica y con el espacio peronista\u201d, reflexion\u00f3.<\/p>\n","protected":false},"excerpt":{"rendered":"<p>El peronismo de Quequ\u00e9n comenz\u00f3 una serie de reuniones orientadas a abordar problem\u00e1ticas urgentes de la localidad. La iniciativa, impulsada por un sector del Partido Justicialista quequenense, tuvo recientemente un encuentro ampliado que reuni\u00f3 a unas 150 personas, donde se debatieron demandas y se plantearon l\u00edneas de acci\u00f3n a futuro. En di\u00e1logo con el periodista [&hellip;]<\/p>\n","protected":false},"author":3,"featured_media":107268,"comment_status":"open","ping_status":"open","sticky":false,"template":"","format":"standard","meta":{"footnotes":""},"categories":[3],"tags":[],"class_list":{"0":"post-117349","1":"post","2":"type-post","3":"status-publish","4":"format-standard","5":"has-post-thumbnail","7":"category-masnoticias"},"_links":{"self":[{"href":"https:\/\/primicias2262.com\/noticias\/wp-json\/wp\/v2\/posts\/117349","targetHints":{"allow":["GET"]}}],"collection":[{"href":"https:\/\/primicias2262.com\/noticias\/wp-json\/wp\/v2\/posts"}],"about":[{"href":"https:\/\/primicias2262.com\/noticias\/wp-json\/wp\/v2\/types\/post"}],"author":[{"embeddable":true,"href":"https:\/\/primicias2262.com\/noticias\/wp-json\/wp\/v2\/users\/3"}],"replies":[{"embeddable":true,"href":"https:\/\/primicias2262.com\/noticias\/wp-json\/wp\/v2\/comments?post=117349"}],"version-history":[{"count":1,"href":"https:\/\/primicias2262.com\/noticias\/wp-json\/wp\/v2\/posts\/117349\/revisions"}],"predecessor-version":[{"id":117354,"href":"https:\/\/primicias2262.com\/noticias\/wp-json\/wp\/v2\/posts\/117349\/revisions\/117354"}],"wp:featuredmedia":[{"embeddable":true,"href":"https:\/\/primicias2262.com\/noticias\/wp-json\/wp\/v2\/media\/107268"}],"wp:attachment":[{"href":"https:\/\/primicias2262.com\/noticias\/wp-json\/wp\/v2\/media?parent=117349"}],"wp:term":[{"taxonomy":"category","embeddable":true,"href":"https:\/\/primicias2262.com\/noticias\/wp-json\/wp\/v2\/categories?post=117349"},{"taxonomy":"post_tag","embeddable":true,"href":"https:\/\/primicias2262.com\/noticias\/wp-json\/wp\/v2\/tags?post=117349"}],"curies":[{"name":"wp","href":"https:\/\/api.w.org\/{rel}","templated":true}]}}