{"id":117351,"date":"2025-11-17T16:58:32","date_gmt":"2025-11-17T16:58:32","guid":{"rendered":"https:\/\/primicias2262.com\/noticias\/?p=117351"},"modified":"2025-11-19T16:58:47","modified_gmt":"2025-11-19T16:58:47","slug":"matias-sierra-anticipo-los-festejos-por-el-144o-aniversario-de-necochea-y-la-apertura-de-la-temporada-2025-26","status":"publish","type":"post","link":"https:\/\/primicias2262.com\/noticias\/matias-sierra-anticipo-los-festejos-por-el-144o-aniversario-de-necochea-y-la-apertura-de-la-temporada-2025-26\/","title":{"rendered":"Mat\u00edas Sierra anticip\u00f3 los festejos por el 144\u00ba Aniversario de Necochea y la apertura de la temporada 2025\/26"},"content":{"rendered":"<p><strong>En la antesala de un nuevo aniversario de Necochea y del lanzamiento oficial de la temporada de verano 2025\/2026, el secretario de Turismo y Desarrollo Productivo, Mat\u00edas Sierra, brind\u00f3 detalles de la amplia agenda que se desplegar\u00e1 desde el viernes 21 al domingo 23 de noviembre en el Jard\u00edn Franc\u00e9s del Parque Miguel Lillo, epicentro de las celebraciones.<\/strong><\/p>\n<p>En di\u00e1logo con el periodista Jorge G\u00f3mez, durante el programa Voces de la Ciudad que se emite por Estaci\u00f3n FREE 90.3, Sierra expres\u00f3 su expectativa frente a un fin de semana cargado de actividades y destac\u00f3 que el clima ser\u00e1 un factor clave: \u201cEl clima no nos ha tratado muy bien: nos pas\u00f3 con el aniversario de Quequ\u00e9n, lo mismo en Claraz y hasta en el propio aniversario de Necochea el pasado 12 de octubre. Esperamos que esta vez nos acompa\u00f1e\u201d, se\u00f1al\u00f3.<\/p>\n<p>Las celebraciones comenzar\u00e1n el viernes 21 desde las 18, con propuestas distribuidas en tres espacios: Escenario principal, Anfiteatro Pedro Arozarena y un escenario natural en las escalinatas y el vered\u00f3n de 10 y 91, donde se presentar\u00e1n agrupaciones folcl\u00f3ricas durante las tres jornadas.<\/p>\n<p>En el Anfiteatro, adelant\u00f3 Sierra, se concentrar\u00e1n las actividades para ni\u00f1os, incluyendo una muestra del Pre Festival Infantil 2026, programada para el s\u00e1bado desde las 18.<\/p>\n<p>En cuanto a la agenda musical , Sierra record\u00f3 que el viernes el cierre estar\u00e1 a cargo de La Rutera; el s\u00e1bado la artista principal ser\u00e1 Roc\u00edo Quiroz, y tambi\u00e9n estar\u00e1n Trasnochados y el DJ Funes; mientras que el domingo el cierre ser\u00e1 con Los Chaza, adem\u00e1s de la participaci\u00f3n de artistas locales y el tradicional corte de torta, todo desde las 18 horas.<\/p>\n<p>Sierra tambi\u00e9n destac\u00f3 la presencia de emprendedores, productores locales y artesanos, adem\u00e1s del acompa\u00f1amiento de las \u00e1reas municipales de Desarrollo Humano, Deportes y Juventud.<\/p>\n<p>Entre las novedades, anunci\u00f3 la llegada de un n\u00famero de astroturismo, una propuesta diferente que promete atraer a familias y curiosos. \u201cSer\u00e1 algo muy lindo de ver y muy recomendable para todas las edades\u201d, asegur\u00f3.<\/p>\n<p>Asimismo, durante el fin de semana la Municipalidad acompa\u00f1ar\u00e1 eventos paralelos de gran magnitud, como las Olimp\u00edadas de Ciencias Econ\u00f3micas y el Torneo Nacional de F\u00fatbol Senior, que reunir\u00e1 a m\u00e1s de 3 mil participantes en la ciudad.<\/p>\n","protected":false},"excerpt":{"rendered":"<p>En la antesala de un nuevo aniversario de Necochea y del lanzamiento oficial de la temporada de verano 2025\/2026, el secretario de Turismo y Desarrollo Productivo, Mat\u00edas Sierra, brind\u00f3 detalles de la amplia agenda que se desplegar\u00e1 desde el viernes 21 al domingo 23 de noviembre en el Jard\u00edn Franc\u00e9s del Parque Miguel Lillo, epicentro [&hellip;]<\/p>\n","protected":false},"author":3,"featured_media":110670,"comment_status":"open","ping_status":"open","sticky":false,"template":"","format":"standard","meta":{"footnotes":""},"categories":[3],"tags":[],"class_list":{"0":"post-117351","1":"post","2":"type-post","3":"status-publish","4":"format-standard","5":"has-post-thumbnail","7":"category-masnoticias"},"_links":{"self":[{"href":"https:\/\/primicias2262.com\/noticias\/wp-json\/wp\/v2\/posts\/117351","targetHints":{"allow":["GET"]}}],"collection":[{"href":"https:\/\/primicias2262.com\/noticias\/wp-json\/wp\/v2\/posts"}],"about":[{"href":"https:\/\/primicias2262.com\/noticias\/wp-json\/wp\/v2\/types\/post"}],"author":[{"embeddable":true,"href":"https:\/\/primicias2262.com\/noticias\/wp-json\/wp\/v2\/users\/3"}],"replies":[{"embeddable":true,"href":"https:\/\/primicias2262.com\/noticias\/wp-json\/wp\/v2\/comments?post=117351"}],"version-history":[{"count":2,"href":"https:\/\/primicias2262.com\/noticias\/wp-json\/wp\/v2\/posts\/117351\/revisions"}],"predecessor-version":[{"id":117360,"href":"https:\/\/primicias2262.com\/noticias\/wp-json\/wp\/v2\/posts\/117351\/revisions\/117360"}],"wp:featuredmedia":[{"embeddable":true,"href":"https:\/\/primicias2262.com\/noticias\/wp-json\/wp\/v2\/media\/110670"}],"wp:attachment":[{"href":"https:\/\/primicias2262.com\/noticias\/wp-json\/wp\/v2\/media?parent=117351"}],"wp:term":[{"taxonomy":"category","embeddable":true,"href":"https:\/\/primicias2262.com\/noticias\/wp-json\/wp\/v2\/categories?post=117351"},{"taxonomy":"post_tag","embeddable":true,"href":"https:\/\/primicias2262.com\/noticias\/wp-json\/wp\/v2\/tags?post=117351"}],"curies":[{"name":"wp","href":"https:\/\/api.w.org\/{rel}","templated":true}]}}