{"id":117362,"date":"2025-11-18T15:51:27","date_gmt":"2025-11-18T15:51:27","guid":{"rendered":"https:\/\/primicias2262.com\/noticias\/?p=117362"},"modified":"2025-11-19T16:50:29","modified_gmt":"2025-11-19T16:50:29","slug":"dia-mundial-de-la-epoc-se-realizara-una-jornada-de-concientizacion-en-la-plaza-dardo-rocha","status":"publish","type":"post","link":"https:\/\/primicias2262.com\/noticias\/dia-mundial-de-la-epoc-se-realizara-una-jornada-de-concientizacion-en-la-plaza-dardo-rocha\/","title":{"rendered":"D\u00eda Mundial de la EPOC: se realizar\u00e1 una jornada de concientizaci\u00f3n en la plaza Dardo Rocha"},"content":{"rendered":"<p><strong>En la v\u00edspera del D\u00eda Mundial de la EPOC, que se conmemora cada tercer mi\u00e9rcoles de noviembre bajo la consigna \u201cRespiremos un mundo mejor\u201d, el especialista en Neumonolog\u00eda del Hospital Municipal \u201cDr. Emilio Ferreyra\u201d, Dr. Hugo Karlen, anunci\u00f3 la realizaci\u00f3n de una actividad promo\u2013preventiva este mi\u00e9rcoles 19 por la ma\u00f1ana en la plaza Dardo Rocha de Necochea, desde las 9 hasta despu\u00e9s del mediod\u00eda.<\/strong><\/p>\n<p>En di\u00e1logo con el periodista Jorge G\u00f3mez, durante el programa Voces de la Ciudad emitido por Estaci\u00f3n FREE 90.3, Karlen destac\u00f3 la importancia de esta fecha: \u201cEste mi\u00e9rcoles se realiza una jornada de concientizaci\u00f3n sobre el diagn\u00f3stico temprano y el tratamiento oportuno de la EPOC, que es la tercera causa de muerte a nivel mundial. Es una enfermedad con una prevalencia muy significativa\u201d, subray\u00f3.<\/p>\n<p>El especialista remarc\u00f3 que en Argentina existe un estudio que permite dimensionar la magnitud del problema, al se\u00f1alar que \u201csabemos que el 14% de la poblaci\u00f3n mayor de 40 a\u00f1os en Argentina tiene EPOC, y no es un dato menor. Tambi\u00e9n sabemos que tenemos un error diagn\u00f3stico superior al 50%, es decir, pacientes que no saben que la padecen, y un subdiagn\u00f3stico del 75%\u201d.<\/p>\n<p>Seg\u00fan confirm\u00f3, esta situaci\u00f3n provoca que la atenci\u00f3n m\u00e9dica llegue tarde: \u201cCuando llegamos tarde estamos corriendo de atr\u00e1s el tema y todo se hace m\u00e1s dif\u00edcil\u201d, advirti\u00f3.<\/p>\n<p>La actividad de este mi\u00e9rcoles estar\u00e1 dividida en dos bloques: el primero estar\u00e1 dirigido a personas mayores de 40 a\u00f1os que no tienen diagn\u00f3stico pero sospechan s\u00edntomas, tales como falta de aire, tos persistente o dificultad para realizar actividades habituales.<\/p>\n<p>\u201cIndependientemente de que hayan fumado o no, esos s\u00edntomas requieren atenci\u00f3n. Hoy se diagnostica EPOC incluso en pacientes que nunca tocaron un cigarrillo, aunque quienes han fumado tienen un riesgo mucho mayor\u201d, se\u00f1al\u00f3 Karlen. Durante este segmento se realizar\u00e1n espirometr\u00edas gratuitas, un estudio simple, no invasivo, que requiere soplar durante unos minutos para evaluar la capacidad respiratoria.<\/p>\n<p>El segundo bloque estar\u00e1 orientado a pacientes que ya cuentan con diagn\u00f3stico de EPOC. Para ellos, el servicio de Kinesiolog\u00eda del Hospital Ferreyra ofrecer\u00e1 tips de ejercicios de rehabilitaci\u00f3n respiratoria y coordinar\u00e1 una caminata alrededor de la plaza, fomentando la actividad f\u00edsica como parte del tratamiento integral.<\/p>\n<p>La jornada busca sensibilizar a la comunidad sobre una enfermedad de alta prevalencia, promover la detecci\u00f3n temprana y brindar herramientas pr\u00e1cticas para mejorar la calidad de vida de quienes conviven con EPOC.<\/p>\n","protected":false},"excerpt":{"rendered":"<p>En la v\u00edspera del D\u00eda Mundial de la EPOC, que se conmemora cada tercer mi\u00e9rcoles de noviembre bajo la consigna \u201cRespiremos un mundo mejor\u201d, el especialista en Neumonolog\u00eda del Hospital Municipal \u201cDr. Emilio Ferreyra\u201d, Dr. Hugo Karlen, anunci\u00f3 la realizaci\u00f3n de una actividad promo\u2013preventiva este mi\u00e9rcoles 19 por la ma\u00f1ana en la plaza Dardo Rocha [&hellip;]<\/p>\n","protected":false},"author":3,"featured_media":117366,"comment_status":"open","ping_status":"open","sticky":false,"template":"","format":"standard","meta":{"footnotes":""},"categories":[3],"tags":[],"class_list":{"0":"post-117362","1":"post","2":"type-post","3":"status-publish","4":"format-standard","5":"has-post-thumbnail","7":"category-masnoticias"},"_links":{"self":[{"href":"https:\/\/primicias2262.com\/noticias\/wp-json\/wp\/v2\/posts\/117362","targetHints":{"allow":["GET"]}}],"collection":[{"href":"https:\/\/primicias2262.com\/noticias\/wp-json\/wp\/v2\/posts"}],"about":[{"href":"https:\/\/primicias2262.com\/noticias\/wp-json\/wp\/v2\/types\/post"}],"author":[{"embeddable":true,"href":"https:\/\/primicias2262.com\/noticias\/wp-json\/wp\/v2\/users\/3"}],"replies":[{"embeddable":true,"href":"https:\/\/primicias2262.com\/noticias\/wp-json\/wp\/v2\/comments?post=117362"}],"version-history":[{"count":1,"href":"https:\/\/primicias2262.com\/noticias\/wp-json\/wp\/v2\/posts\/117362\/revisions"}],"predecessor-version":[{"id":117368,"href":"https:\/\/primicias2262.com\/noticias\/wp-json\/wp\/v2\/posts\/117362\/revisions\/117368"}],"wp:featuredmedia":[{"embeddable":true,"href":"https:\/\/primicias2262.com\/noticias\/wp-json\/wp\/v2\/media\/117366"}],"wp:attachment":[{"href":"https:\/\/primicias2262.com\/noticias\/wp-json\/wp\/v2\/media?parent=117362"}],"wp:term":[{"taxonomy":"category","embeddable":true,"href":"https:\/\/primicias2262.com\/noticias\/wp-json\/wp\/v2\/categories?post=117362"},{"taxonomy":"post_tag","embeddable":true,"href":"https:\/\/primicias2262.com\/noticias\/wp-json\/wp\/v2\/tags?post=117362"}],"curies":[{"name":"wp","href":"https:\/\/api.w.org\/{rel}","templated":true}]}}