{"id":117363,"date":"2025-11-18T15:51:00","date_gmt":"2025-11-18T15:51:00","guid":{"rendered":"https:\/\/primicias2262.com\/noticias\/?p=117363"},"modified":"2025-11-19T16:50:24","modified_gmt":"2025-11-19T16:50:24","slug":"impulsan-la-creacion-de-la-asociacion-vecinal-barrio-estacion-quequen-y-proyectan-un-centro-de-jubilados","status":"publish","type":"post","link":"https:\/\/primicias2262.com\/noticias\/impulsan-la-creacion-de-la-asociacion-vecinal-barrio-estacion-quequen-y-proyectan-un-centro-de-jubilados\/","title":{"rendered":"Impulsan la creaci\u00f3n de la Asociaci\u00f3n Vecinal Barrio Estaci\u00f3n Quequ\u00e9n y proyectan un centro de jubilados"},"content":{"rendered":"<p><strong>En el Barrio Estaci\u00f3n Quequ\u00e9n avanza la conformaci\u00f3n de una nueva Asociaci\u00f3n Vecinal, con sede en Avenida 578 N\u00ba 3063, junto al Centro de Salud local. La iniciativa es encabezada por Alberto Ortiz, vecino hist\u00f3rico del lugar, quien explic\u00f3 los objetivos del proyecto en di\u00e1logo con el periodista Jorge G\u00f3mez en el programa Voces de la Ciudad, emitido por Estaci\u00f3n FREE 90.3.<\/strong><\/p>\n<p>Ortiz, \u201cnacido y criado en el barrio\u201d, cont\u00f3 que el trabajo comenz\u00f3 meses atr\u00e1s y que actualmente est\u00e1n tramitando la personer\u00eda jur\u00eddica. \u201cTenemos varias actividades que hemos conseguido y estamos con los papeles para la organizaci\u00f3n de la personer\u00eda jur\u00eddica. Estamos hablando con varios vecinos porque queremos formar un centro de jubilados para darle m\u00e1s vida al barrio. Todo lo hago por el barrio, uno lo quiere al barrio\u201d, expres\u00f3.<\/p>\n<p>Con una extensa historia de participaci\u00f3n comunitaria, record\u00f3 tambi\u00e9n su v\u00ednculo con el deporte local: \u201cEmpec\u00e9 con el tema del f\u00fatbol, fui junto a Carlos Cuomo el primer arquero de Estaci\u00f3n Quequ\u00e9n en 1969, y ahora estoy con esto\u201d, se\u00f1al\u00f3. La idea es que la instituci\u00f3n funcione tanto como asociaci\u00f3n vecinal como centro de jubilados, ampliando los espacios de encuentro para los vecinos mayores.<\/p>\n<p>Ortiz destac\u00f3 que ya se est\u00e1n desarrollando diversas actividades en la sede: gimnasia para adultos mayores, talleres de costura, y la visita semanal de personal de Cultura municipal, que entrega leche para los chicos del barrio.<\/p>\n<p>Sobre la situaci\u00f3n general del sector, valor\u00f3 los avances logrados en servicios esenciales: \u201cEl barrio en general est\u00e1 bien, hacen falta cosas como en todo barrio, pero tenemos agua y cloacas. Gracias a la gesti\u00f3n de Mario (Wilgenhoff) y de Silvia Jensen tenemos algo por lo que luchamos hace muchos a\u00f1os, como son las cloacas\u201d, sostuvo.<\/p>\n<p>En tanto, como parte de las actividades abiertas a la comunidad, el espacio vecinal anunci\u00f3 una jornada de control gratuito de la vista para toda la familia, que se realizar\u00e1 el jueves 4 de diciembre, de 10 a 16, en la sede de la Avenida 578.<\/p>\n<p>La acci\u00f3n ser\u00e1 llevada adelante por \u00d3ptica Visual, cuyos profesionales oftalm\u00f3logos ofrecer\u00e1n evaluaci\u00f3n visual, asesoramiento y venta de lentes a precio de f\u00e1brica con un anticipo del 30%. La atenci\u00f3n ser\u00e1 por orden de llegada.<\/p>\n<p>Ortiz se\u00f1al\u00f3 que esta propuesta ya tuvo una muy buena repercusi\u00f3n: \u201cHicimos una jornada con una gran respuesta de 80 personas y el 4 de diciembre lo haremos de nuevo\u201d, destac\u00f3. Para m\u00e1s informaci\u00f3n, los vecinos pueden comunicarse al 2262-486413.<\/p>\n","protected":false},"excerpt":{"rendered":"<p>En el Barrio Estaci\u00f3n Quequ\u00e9n avanza la conformaci\u00f3n de una nueva Asociaci\u00f3n Vecinal, con sede en Avenida 578 N\u00ba 3063, junto al Centro de Salud local. La iniciativa es encabezada por Alberto Ortiz, vecino hist\u00f3rico del lugar, quien explic\u00f3 los objetivos del proyecto en di\u00e1logo con el periodista Jorge G\u00f3mez en el programa Voces de [&hellip;]<\/p>\n","protected":false},"author":3,"featured_media":117364,"comment_status":"open","ping_status":"open","sticky":false,"template":"","format":"standard","meta":{"footnotes":""},"categories":[3],"tags":[],"class_list":{"0":"post-117363","1":"post","2":"type-post","3":"status-publish","4":"format-standard","5":"has-post-thumbnail","7":"category-masnoticias"},"_links":{"self":[{"href":"https:\/\/primicias2262.com\/noticias\/wp-json\/wp\/v2\/posts\/117363","targetHints":{"allow":["GET"]}}],"collection":[{"href":"https:\/\/primicias2262.com\/noticias\/wp-json\/wp\/v2\/posts"}],"about":[{"href":"https:\/\/primicias2262.com\/noticias\/wp-json\/wp\/v2\/types\/post"}],"author":[{"embeddable":true,"href":"https:\/\/primicias2262.com\/noticias\/wp-json\/wp\/v2\/users\/3"}],"replies":[{"embeddable":true,"href":"https:\/\/primicias2262.com\/noticias\/wp-json\/wp\/v2\/comments?post=117363"}],"version-history":[{"count":1,"href":"https:\/\/primicias2262.com\/noticias\/wp-json\/wp\/v2\/posts\/117363\/revisions"}],"predecessor-version":[{"id":117367,"href":"https:\/\/primicias2262.com\/noticias\/wp-json\/wp\/v2\/posts\/117363\/revisions\/117367"}],"wp:featuredmedia":[{"embeddable":true,"href":"https:\/\/primicias2262.com\/noticias\/wp-json\/wp\/v2\/media\/117364"}],"wp:attachment":[{"href":"https:\/\/primicias2262.com\/noticias\/wp-json\/wp\/v2\/media?parent=117363"}],"wp:term":[{"taxonomy":"category","embeddable":true,"href":"https:\/\/primicias2262.com\/noticias\/wp-json\/wp\/v2\/categories?post=117363"},{"taxonomy":"post_tag","embeddable":true,"href":"https:\/\/primicias2262.com\/noticias\/wp-json\/wp\/v2\/tags?post=117363"}],"curies":[{"name":"wp","href":"https:\/\/api.w.org\/{rel}","templated":true}]}}