{"id":117372,"date":"2025-11-18T15:55:40","date_gmt":"2025-11-18T15:55:40","guid":{"rendered":"https:\/\/primicias2262.com\/noticias\/?p=117372"},"modified":"2025-11-18T15:55:40","modified_gmt":"2025-11-18T15:55:40","slug":"sturzenegger-explica-la-reforma-laboral-que-suban-los-sueldos-y-haya-empleo","status":"publish","type":"post","link":"https:\/\/primicias2262.com\/noticias\/sturzenegger-explica-la-reforma-laboral-que-suban-los-sueldos-y-haya-empleo\/","title":{"rendered":"Sturzenegger explica la reforma laboral: \u201cQue suban los sueldos y haya empleo\u00bb"},"content":{"rendered":"<p>El ministro de Desregulaci\u00f3n y Transformaci\u00f3n del Estado, <strong>Federico Sturzenegger<\/strong>, afirm\u00f3 hoy que la <strong>reforma laboral <\/strong>que impulsa el Gobierno apunta a \u201clograr un mercado de trabajo\u201d en el que \u201c<strong>suba el sueldo de la gente y haya m\u00e1s empleo\u201d.<\/strong><\/p>\n<p>\u201c<strong>Necesitamos que la gente pueda tener trabajo formal, la Argentina hace 15 a\u00f1os que no crea trabajo formal<\/strong>, y tenemos un problema muy serio en ese sentido\u201d, afirm\u00f3 el ministro en declaraciones radiales a las que accedi\u00f3 la <a href=\"https:\/\/es.wikipedia.org\/wiki\/Noticias_Argentinas\" target=\"_blank\" rel=\"noopener nofollow\"><strong>Agencia Noticias Argentinas<\/strong>.<\/a><\/p>\n<p>Sturzenegger asegur\u00f3 que \u201c<strong>en la relaci\u00f3n de trabajo todo el mundo \u2018caranchea\u2019<\/strong>, todos muerden algo, empezando por el Estado, que cuando se contrata a un trabajador cobran unos impuestos impresionantes\u201d.<\/p>\n<p><strong>\u201cLos sindicatos tambi\u00e9n \u2018caranchean\u2019 con la cuota sindical y la solidaria<\/strong>; la industria del juicio con <strong>los abogados \u2018caranchean\u2019, los empresarios \u2018caranchean\u2019 con el tema de los aportes\u201d, <\/strong>subray\u00f3<strong>.<\/strong><\/p>\n<p>Para el funcionario, que se encuentra trabajando en aspectos de la reforma, lo que ocurre con el empleo formal \u201c<strong>es como Jes\u00fas con los panes, hay que darles a todos, pero ac\u00e1 no hay milagros<\/strong> y entonces lo pagan el empresario y el trabajador\u201d.<\/p>\n<p>\u201cLo podemos sintetizar en un n\u00famero muy impactante\u201d, dijo, y explic\u00f3 que \u201clos salarios se fijan en las convenciones colectivas entre representantes empresarios y del sindicalismo. Y <strong>hay una comisi\u00f3n que se cobra por gestionar eso. Son unas 100 lucas ($100.000) por cada trabajador\u201d.<\/strong><\/p>\n<p title=\"__IP__\" data-ipspy=\"__IP__\">Para el funcionario, se trata de un costo que \u201c<strong>es un poco caro, porque le podr\u00edamos estar subiendo el salario 100 lucas por mes a cada trabajador\u201d,<\/strong> insisti\u00f3.<span data-nosnippet=\"\">__IP__<\/span><\/p>\n<p>Agreg\u00f3 que respecto de las indemnizaciones \u201cel problema lo tenemos con<strong> la \u2018industria del juicio\u2019 que genera un mont\u00f3n de Incertidumbre<\/strong>\u201d, porque en los juicios \u201cno se paga un mes por cada a\u00f1o trabajado, sino que <strong>los jueces te lo multiplican por dos o tres y eso es lo que tenemos que acotar\u201d.<\/strong><\/p>\n<p>\u201cEl modelo de indemnizaci\u00f3n de la UOCRA (Uni\u00f3n Obrera de la Construcci\u00f3n) fue muy exitoso, porque gener\u00f3 un mecanismo que <strong>llev\u00f3 la litigiosidad laboral a cero<\/strong>. Si la construcci\u00f3n lo pudo hacer, nosotros abrimos esa puerta a todos los empresarios\u201d, enfatiz\u00f3. #AgenciaNA<\/p>\n","protected":false},"excerpt":{"rendered":"<p>El ministro de Desregulaci\u00f3n y Transformaci\u00f3n del Estado, Federico Sturzenegger, afirm\u00f3 hoy que la reforma laboral que impulsa el Gobierno apunta a \u201clograr un mercado de trabajo\u201d en el que \u201csuba el sueldo de la gente y haya m\u00e1s empleo\u201d. \u201cNecesitamos que la gente pueda tener trabajo formal, la Argentina hace 15 a\u00f1os que no [&hellip;]<\/p>\n","protected":false},"author":3,"featured_media":115352,"comment_status":"open","ping_status":"open","sticky":false,"template":"","format":"standard","meta":{"footnotes":""},"categories":[7],"tags":[],"class_list":{"0":"post-117372","1":"post","2":"type-post","3":"status-publish","4":"format-standard","5":"has-post-thumbnail","7":"category-nac"},"_links":{"self":[{"href":"https:\/\/primicias2262.com\/noticias\/wp-json\/wp\/v2\/posts\/117372","targetHints":{"allow":["GET"]}}],"collection":[{"href":"https:\/\/primicias2262.com\/noticias\/wp-json\/wp\/v2\/posts"}],"about":[{"href":"https:\/\/primicias2262.com\/noticias\/wp-json\/wp\/v2\/types\/post"}],"author":[{"embeddable":true,"href":"https:\/\/primicias2262.com\/noticias\/wp-json\/wp\/v2\/users\/3"}],"replies":[{"embeddable":true,"href":"https:\/\/primicias2262.com\/noticias\/wp-json\/wp\/v2\/comments?post=117372"}],"version-history":[{"count":1,"href":"https:\/\/primicias2262.com\/noticias\/wp-json\/wp\/v2\/posts\/117372\/revisions"}],"predecessor-version":[{"id":117376,"href":"https:\/\/primicias2262.com\/noticias\/wp-json\/wp\/v2\/posts\/117372\/revisions\/117376"}],"wp:featuredmedia":[{"embeddable":true,"href":"https:\/\/primicias2262.com\/noticias\/wp-json\/wp\/v2\/media\/115352"}],"wp:attachment":[{"href":"https:\/\/primicias2262.com\/noticias\/wp-json\/wp\/v2\/media?parent=117372"}],"wp:term":[{"taxonomy":"category","embeddable":true,"href":"https:\/\/primicias2262.com\/noticias\/wp-json\/wp\/v2\/categories?post=117372"},{"taxonomy":"post_tag","embeddable":true,"href":"https:\/\/primicias2262.com\/noticias\/wp-json\/wp\/v2\/tags?post=117372"}],"curies":[{"name":"wp","href":"https:\/\/api.w.org\/{rel}","templated":true}]}}