{"id":117375,"date":"2025-11-18T14:55:02","date_gmt":"2025-11-18T14:55:02","guid":{"rendered":"https:\/\/primicias2262.com\/noticias\/?p=117375"},"modified":"2025-11-18T15:57:49","modified_gmt":"2025-11-18T15:57:49","slug":"productores-rurales-reclaman-obras-que-llevan-10-anos-de-atraso","status":"publish","type":"post","link":"https:\/\/primicias2262.com\/noticias\/productores-rurales-reclaman-obras-que-llevan-10-anos-de-atraso\/","title":{"rendered":"Productores rurales reclaman obras que llevan 10 a\u00f1os de atraso"},"content":{"rendered":"<p>El presidente de Confederaci\u00f3n de Asociaciones Rurales de Buenos Aires y La Pampa (CARBAP), <strong>Ignacio Kovarsky, <\/strong>atribuy\u00f3 el impacto de las inundaciones en la provincia de Buenos Aires a la paralizaci\u00f3n de las obras sobre el R\u00edo Salado que deber\u00edan haberse terminado hace 10 a\u00f1os.<\/p>\n<p>Se estima que las p\u00e9rdidas acumuladas por este desastre h\u00eddrico se aproximan a los US$ 2.000 millones, seg\u00fan pudo saber la <a href=\"https:\/\/es.wikipedia.org\/wiki\/Noticias_Argentinas\" target=\"_blank\" rel=\"noopener nofollow\">Agencia Noticias Argentinas.<\/a><\/p>\n<p>\u201c(El Plan Maestro del R\u00edo Salado) Es una obra que se tendr\u00eda que haber terminado en 2015, y eso es un dato importante. Hubo el mismo color pol\u00edtico de Provincia y Naci\u00f3n durante muchos a\u00f1os y la obra no se ejecut\u00f3\u201d, lanz\u00f3 el productor.<\/p>\n<p>Kovarsky enfatiz\u00f3 que \u201cno entender que, si no hacemos las obras de fondo, va a volver a pasar\u201d.<\/p>\n<p>En declaraciones period\u00edsticas subray\u00f3 que \u201chace seis meses que CARBAP viene reclamando con mucha fuerza que se reanuden\u201d.<\/p>\n<p>Explic\u00f3 que \u201ces necesario que Naci\u00f3n acelere el tramo 4.2, pero es necesario que la provincia a la par vaya haciendo, licitando y haciendo y avanzando\u201d.<\/p>\n<p>\u201cNosotros no somos como el Estado, que si no te dan las cuentas, sac\u00e1s la partida de otro lado o aument\u00e1s una tasa o un impuesto. Si no da, la verdad est\u00e1s complicado\u201d, grafic\u00f3 el representante rural.<\/p>\n<p title=\"__IP__\" data-ipspy=\"__IP__\">Sobre el negocio en general, sostuvo que \u201cno tenemos seguro multirriesgo, donde en otros lugares te cubren cat\u00e1strofes similares a esta. Son muy caros. Imag\u00ednate que ni el Estado argentino puede afrontar esto.<\/p>\n<p>\u201cEn el resto de los pa\u00edses, las aseguradoras necesitan reasegurar internacionalmente con fondos. \u00bfC\u00f3mo se llega a eso? Con un riesgo pa\u00eds de menos de quinientos donde se pueda llegar a los cr\u00e9ditos externos\u201d, indic\u00f3 Kovasrky.<\/p>\n","protected":false},"excerpt":{"rendered":"<p>El presidente de Confederaci\u00f3n de Asociaciones Rurales de Buenos Aires y La Pampa (CARBAP), Ignacio Kovarsky, atribuy\u00f3 el impacto de las inundaciones en la provincia de Buenos Aires a la paralizaci\u00f3n de las obras sobre el R\u00edo Salado que deber\u00edan haberse terminado hace 10 a\u00f1os. Se estima que las p\u00e9rdidas acumuladas por este desastre h\u00eddrico [&hellip;]<\/p>\n","protected":false},"author":3,"featured_media":117379,"comment_status":"open","ping_status":"open","sticky":false,"template":"","format":"standard","meta":{"footnotes":""},"categories":[7],"tags":[],"class_list":{"0":"post-117375","1":"post","2":"type-post","3":"status-publish","4":"format-standard","5":"has-post-thumbnail","7":"category-nac"},"_links":{"self":[{"href":"https:\/\/primicias2262.com\/noticias\/wp-json\/wp\/v2\/posts\/117375","targetHints":{"allow":["GET"]}}],"collection":[{"href":"https:\/\/primicias2262.com\/noticias\/wp-json\/wp\/v2\/posts"}],"about":[{"href":"https:\/\/primicias2262.com\/noticias\/wp-json\/wp\/v2\/types\/post"}],"author":[{"embeddable":true,"href":"https:\/\/primicias2262.com\/noticias\/wp-json\/wp\/v2\/users\/3"}],"replies":[{"embeddable":true,"href":"https:\/\/primicias2262.com\/noticias\/wp-json\/wp\/v2\/comments?post=117375"}],"version-history":[{"count":1,"href":"https:\/\/primicias2262.com\/noticias\/wp-json\/wp\/v2\/posts\/117375\/revisions"}],"predecessor-version":[{"id":117380,"href":"https:\/\/primicias2262.com\/noticias\/wp-json\/wp\/v2\/posts\/117375\/revisions\/117380"}],"wp:featuredmedia":[{"embeddable":true,"href":"https:\/\/primicias2262.com\/noticias\/wp-json\/wp\/v2\/media\/117379"}],"wp:attachment":[{"href":"https:\/\/primicias2262.com\/noticias\/wp-json\/wp\/v2\/media?parent=117375"}],"wp:term":[{"taxonomy":"category","embeddable":true,"href":"https:\/\/primicias2262.com\/noticias\/wp-json\/wp\/v2\/categories?post=117375"},{"taxonomy":"post_tag","embeddable":true,"href":"https:\/\/primicias2262.com\/noticias\/wp-json\/wp\/v2\/tags?post=117375"}],"curies":[{"name":"wp","href":"https:\/\/api.w.org\/{rel}","templated":true}]}}