{"id":117383,"date":"2025-11-19T16:49:16","date_gmt":"2025-11-19T16:49:16","guid":{"rendered":"https:\/\/primicias2262.com\/noticias\/?p=117383"},"modified":"2025-11-20T17:03:34","modified_gmt":"2025-11-20T17:03:34","slug":"desde-todo-para-ellos-expresaron-preocupacion-por-la-suspension-de-la-ley-de-emergencia-en-discapacidad","status":"publish","type":"post","link":"https:\/\/primicias2262.com\/noticias\/desde-todo-para-ellos-expresaron-preocupacion-por-la-suspension-de-la-ley-de-emergencia-en-discapacidad\/","title":{"rendered":"Desde \u201cTodo para Ellos\u201d expresaron preocupaci\u00f3n por la suspensi\u00f3n de la Ley de Emergencia en Discapacidad"},"content":{"rendered":"<p><strong>Soledad Arana y Selene Kette alertaron sobre la cr\u00edtica situaci\u00f3n del sector y anunciaron una nueva pe\u00f1a solidaria<\/strong><\/p>\n<p>Integrantes de la Asociaci\u00f3n Todo para Ellos, Soledad Arana y Selene Kette, dialogaron sobre la dif\u00edcil actualidad del sector de discapacidad en el marco del programa Voces de la Ciudad, que se emite por Estaci\u00f3n FREE 90.3 FM. Ambas referentes expusieron la gravedad del contexto institucional y la incertidumbre generada por la suspensi\u00f3n de la Ley de Emergencia en Discapacidad.<\/p>\n<p>Arana explic\u00f3 que desde la asociaci\u00f3n se encuentran \u201ctrabajando y expectantes\u201d respecto a la normativa: \u201cLa situaci\u00f3n de la instituci\u00f3n sigue siendo grave y por eso seguimos saliendo con estos eventos para pedirle ayuda a la comunidad en esta \u00e9poca de crisis\u201d, sostuvo.<\/p>\n<p>La referente remarc\u00f3 que la Ley de Emergencia en Discapacidad contin\u00faa suspendida, lo que genera un clima de inseguridad tanto entre prestadores como entre las personas con discapacidad y sus familias.<\/p>\n<p>\u201cEstuvimos saliendo a las calles con marchas para visibilizar el contexto en el que nos estamos manejando, y de un momento a otro se hizo un silencio bastante inc\u00f3modo para nosotros\u201d, describi\u00f3 Arana. \u201cPero seguimos poni\u00e9ndole el pecho a las balas\u201d, afirm\u00f3.<\/p>\n<p>Otro punto cr\u00edtico se\u00f1alado fue el atraso en el sistema de prestaciones b\u00e1sicas. Arana record\u00f3 que los valores estaban desajustados desde diciembre de 2024 y que, aunque en los \u00faltimos d\u00edas se otorg\u00f3 un aumento del 15%, la Ley de Emergencia establec\u00eda una actualizaci\u00f3n del 70%, y solo fue del 30%.<\/p>\n<p>Adem\u00e1s, destac\u00f3 que las personas con discapacidad que trabajan en empleos protegidos contin\u00faan percibiendo ingresos extremadamente bajos: \u201cSiguen cobrando 28 mil pesos mensuales por trabajar de lunes a viernes entre 5 y 8 horas. Es uno de los \u00edtems que tambi\u00e9n qued\u00f3 suspendido y esperamos con ansias que cambie\u201d.<\/p>\n<p>Arana se\u00f1al\u00f3 que el sector viene elevando reclamos ante distintos niveles del Estado, dado que las dificultades abarcan a m\u00faltiples organismos, en Provincia con la obra social IOMA, en Naci\u00f3n con la Agencia Nacional de Discapacidad y en Concejo Deliberante tratando de empujar siempre el colectivo de discapacidad\u201d.<\/p>\n<p>Incluso, manifest\u00f3 que \u201chablamos con el Ejecutivo tambi\u00e9n porque esto no es una cuesti\u00f3n partidaria, sino un problema de un colectivo que qued\u00f3 desfasado desde 2021, con un gobierno que pretende que los prestadores sigamos sosteni\u00e9ndonos y sobreviviendo\u201d.<\/p>\n<p>Ante este escenario, la asociaci\u00f3n contin\u00faa impulsando eventos comunitarios para sostener su funcionamiento. Selene Kette anunci\u00f3 la realizaci\u00f3n de una pe\u00f1a solidaria el s\u00e1bado 29 de noviembre en el Sal\u00f3n Dorado del Club Hurac\u00e1n. El encuentro contar\u00e1 con la participaci\u00f3n de artistas y agrupaciones de baile, adem\u00e1s de cantina y DJ.<\/p>\n<p>\u201cEstamos muy ilusionados porque en los eventos anteriores la comunidad siempre nos acompa\u00f1\u00f3. Saben de nuestro trabajo, de nuestra prolijidad y de nuestro compromiso\u201d, destac\u00f3 Kette.<\/p>\n<p>Desde la asociaci\u00f3n reiteraron la importancia del apoyo social para sostener un espacio que, desde hace a\u00f1os, ofrece contenci\u00f3n y oportunidades laborales a personas con discapacidad en el distrito.<\/p>\n","protected":false},"excerpt":{"rendered":"<p>Soledad Arana y Selene Kette alertaron sobre la cr\u00edtica situaci\u00f3n del sector y anunciaron una nueva pe\u00f1a solidaria Integrantes de la Asociaci\u00f3n Todo para Ellos, Soledad Arana y Selene Kette, dialogaron sobre la dif\u00edcil actualidad del sector de discapacidad en el marco del programa Voces de la Ciudad, que se emite por Estaci\u00f3n FREE 90.3 [&hellip;]<\/p>\n","protected":false},"author":3,"featured_media":117384,"comment_status":"open","ping_status":"open","sticky":false,"template":"","format":"standard","meta":{"footnotes":""},"categories":[3],"tags":[],"class_list":{"0":"post-117383","1":"post","2":"type-post","3":"status-publish","4":"format-standard","5":"has-post-thumbnail","7":"category-masnoticias"},"_links":{"self":[{"href":"https:\/\/primicias2262.com\/noticias\/wp-json\/wp\/v2\/posts\/117383","targetHints":{"allow":["GET"]}}],"collection":[{"href":"https:\/\/primicias2262.com\/noticias\/wp-json\/wp\/v2\/posts"}],"about":[{"href":"https:\/\/primicias2262.com\/noticias\/wp-json\/wp\/v2\/types\/post"}],"author":[{"embeddable":true,"href":"https:\/\/primicias2262.com\/noticias\/wp-json\/wp\/v2\/users\/3"}],"replies":[{"embeddable":true,"href":"https:\/\/primicias2262.com\/noticias\/wp-json\/wp\/v2\/comments?post=117383"}],"version-history":[{"count":2,"href":"https:\/\/primicias2262.com\/noticias\/wp-json\/wp\/v2\/posts\/117383\/revisions"}],"predecessor-version":[{"id":117404,"href":"https:\/\/primicias2262.com\/noticias\/wp-json\/wp\/v2\/posts\/117383\/revisions\/117404"}],"wp:featuredmedia":[{"embeddable":true,"href":"https:\/\/primicias2262.com\/noticias\/wp-json\/wp\/v2\/media\/117384"}],"wp:attachment":[{"href":"https:\/\/primicias2262.com\/noticias\/wp-json\/wp\/v2\/media?parent=117383"}],"wp:term":[{"taxonomy":"category","embeddable":true,"href":"https:\/\/primicias2262.com\/noticias\/wp-json\/wp\/v2\/categories?post=117383"},{"taxonomy":"post_tag","embeddable":true,"href":"https:\/\/primicias2262.com\/noticias\/wp-json\/wp\/v2\/tags?post=117383"}],"curies":[{"name":"wp","href":"https:\/\/api.w.org\/{rel}","templated":true}]}}