{"id":117393,"date":"2025-11-20T15:51:06","date_gmt":"2025-11-20T15:51:06","guid":{"rendered":"https:\/\/primicias2262.com\/noticias\/?p=117393"},"modified":"2025-11-26T17:15:33","modified_gmt":"2025-11-26T17:15:33","slug":"sebastian-bartolo-un-joven-empresario-radicado-en-necochea-que-apuesta-a-seguir-invirtiendo-en-la-ciudad","status":"publish","type":"post","link":"https:\/\/primicias2262.com\/noticias\/sebastian-bartolo-un-joven-empresario-radicado-en-necochea-que-apuesta-a-seguir-invirtiendo-en-la-ciudad\/","title":{"rendered":"Sebasti\u00e1n Bartolo, un joven empresario radicado en Necochea que apuesta a seguir invirtiendo en la ciudad"},"content":{"rendered":"<p>El joven empresario Sebasti\u00e1n Bartolo, de 30 a\u00f1os, lleva una d\u00e9cada radicado en Necochea y se ha convertido en uno de los emprendedores que apuesta de manera sostenida al desarrollo local. Con inversiones en la ciudad y tambi\u00e9n en Las Grutas (R\u00edo Negro), Bartolo expres\u00f3 su intenci\u00f3n de continuar creciendo en el distrito y de seguir aportando a la actividad econ\u00f3mica. En di\u00e1logo con el periodista Jorge G\u00f3mez, durante el programa Voces de la Ciudad que se emite por Estaci\u00f3n FREE 90.3 FM, comparti\u00f3 detalles de su trayectoria y de su visi\u00f3n sobre el futuro.<\/p>\n<p>Bartolo participa en distintos rubros: cuenta con un servicio de alquiler de ba\u00f1os qu\u00edmicos que opera en Necochea, Quequ\u00e9n, la regi\u00f3n y tambi\u00e9n en localidades de R\u00edo Negro. Adem\u00e1s, en Las Grutas administra un balneario que explota desde hace cinco a\u00f1os. En los \u00faltimos meses tambi\u00e9n se present\u00f3 como oferente en la licitaci\u00f3n del balneario Terrazas, aunque su propuesta no fue la seleccionada.<\/p>\n<p>\u201cMe gusta hacer, que no es poca cosa. Me gusta el \u00e1mbito pol\u00edtico y el municipal, porque creo en mejorarle la vida a la gente, pero hoy estoy dedicado al \u00e1mbito privado\u201d, expres\u00f3 durante la entrevista.<\/p>\n<p>Consultado por su participaci\u00f3n en la licitaci\u00f3n de Terrazas, Bartolo explic\u00f3: \u201cEl proyecto que presentamos era acorde a los tiempos que vivimos, era casi de mil millones de pesos\u201d. M\u00e1s all\u00e1 de no haber sido elegido, afirm\u00f3 que su motivaci\u00f3n es seguir invirtiendo en la ciudad: \u201cYo me enamor\u00e9 de Necochea. Es una ciudad hermosa y tengo ganas de invertir ac\u00e1\u201d.<\/p>\n<p>Nacido en San Antonio Oeste, en la provincia de R\u00edo Negro, se\u00f1al\u00f3 que Necochea lo recibi\u00f3 muy bien desde su llegada hace una d\u00e9cada: \u201cNo soy oriundo de ac\u00e1, pero Necochea tiene de lindo la gente y el lugar. Encontr\u00e9 mucha gente de afuera viviendo en la ciudad, incluso mucha gente de R\u00edo Negro\u201d.<\/p>\n<p>\u201cEn Las Grutas tenemos un balneario que venimos explotando hace cinco a\u00f1os, pero s\u00e9 que en Necochea seguir\u00e9 haciendo cosas porque me encanta\u201d, agreg\u00f3, reafirmando su esp\u00edritu inversor y su v\u00ednculo afectivo con la ciudad.<\/p>\n<p>El joven empresario conf\u00eda en que el distrito tiene un potencial enorme y se muestra decidido a continuar impulsando proyectos que contribuyan a su crecimiento tur\u00edstico y productivo.<\/p>\n","protected":false},"excerpt":{"rendered":"<p>El joven empresario Sebasti\u00e1n Bartolo, de 30 a\u00f1os, lleva una d\u00e9cada radicado en Necochea y se ha convertido en uno de los emprendedores que apuesta de manera sostenida al desarrollo local. Con inversiones en la ciudad y tambi\u00e9n en Las Grutas (R\u00edo Negro), Bartolo expres\u00f3 su intenci\u00f3n de continuar creciendo en el distrito y de [&hellip;]<\/p>\n","protected":false},"author":3,"featured_media":117397,"comment_status":"open","ping_status":"open","sticky":false,"template":"","format":"standard","meta":{"footnotes":""},"categories":[3],"tags":[],"class_list":{"0":"post-117393","1":"post","2":"type-post","3":"status-publish","4":"format-standard","5":"has-post-thumbnail","7":"category-masnoticias"},"_links":{"self":[{"href":"https:\/\/primicias2262.com\/noticias\/wp-json\/wp\/v2\/posts\/117393","targetHints":{"allow":["GET"]}}],"collection":[{"href":"https:\/\/primicias2262.com\/noticias\/wp-json\/wp\/v2\/posts"}],"about":[{"href":"https:\/\/primicias2262.com\/noticias\/wp-json\/wp\/v2\/types\/post"}],"author":[{"embeddable":true,"href":"https:\/\/primicias2262.com\/noticias\/wp-json\/wp\/v2\/users\/3"}],"replies":[{"embeddable":true,"href":"https:\/\/primicias2262.com\/noticias\/wp-json\/wp\/v2\/comments?post=117393"}],"version-history":[{"count":2,"href":"https:\/\/primicias2262.com\/noticias\/wp-json\/wp\/v2\/posts\/117393\/revisions"}],"predecessor-version":[{"id":117421,"href":"https:\/\/primicias2262.com\/noticias\/wp-json\/wp\/v2\/posts\/117393\/revisions\/117421"}],"wp:featuredmedia":[{"embeddable":true,"href":"https:\/\/primicias2262.com\/noticias\/wp-json\/wp\/v2\/media\/117397"}],"wp:attachment":[{"href":"https:\/\/primicias2262.com\/noticias\/wp-json\/wp\/v2\/media?parent=117393"}],"wp:term":[{"taxonomy":"category","embeddable":true,"href":"https:\/\/primicias2262.com\/noticias\/wp-json\/wp\/v2\/categories?post=117393"},{"taxonomy":"post_tag","embeddable":true,"href":"https:\/\/primicias2262.com\/noticias\/wp-json\/wp\/v2\/tags?post=117393"}],"curies":[{"name":"wp","href":"https:\/\/api.w.org\/{rel}","templated":true}]}}