{"id":117394,"date":"2025-11-20T17:02:17","date_gmt":"2025-11-20T17:02:17","guid":{"rendered":"https:\/\/primicias2262.com\/noticias\/?p=117394"},"modified":"2025-11-26T17:15:23","modified_gmt":"2025-11-26T17:15:23","slug":"rosello-destaco-la-apertura-de-la-amplia-galeria-comercial-en-la-tradicional-esquina-de-57-y-62","status":"publish","type":"post","link":"https:\/\/primicias2262.com\/noticias\/rosello-destaco-la-apertura-de-la-amplia-galeria-comercial-en-la-tradicional-esquina-de-57-y-62\/","title":{"rendered":"Rosell\u00f3 destac\u00f3 la apertura de la amplia galer\u00eda comercial en la tradicional esquina de 57 y 62"},"content":{"rendered":"<p>El empresario Francisco Rosell\u00f3, integrante del grupo inversor que llev\u00f3 adelante la compra y transformaci\u00f3n del hist\u00f3rico complejo comercial ubicado en la esquina de calles 57 y 62, celebr\u00f3 la reciente apertura de la renovada galer\u00eda y destac\u00f3 el impacto positivo que ya genera en el centro de Necochea. En di\u00e1logo con el periodista Jorge G\u00f3mez, durante el programa Voces de la Ciudad que se emite por Estaci\u00f3n FREE 90.3 FM, repas\u00f3 el origen del proyecto y los desaf\u00edos atravesados a lo largo de una d\u00e9cada.<\/p>\n<p>\u201cYa est\u00e1 abierta. Algunos locales faltan inaugurar, pero en s\u00ed todo el complejo de la esquina ya est\u00e1 funcionando\u201d, confirm\u00f3 Rosell\u00f3. Y agreg\u00f3: \u201cEstamos muy contentos porque tuvimos muy buen recibimiento de la gente en general y creemos que es un cambio muy importante para Necochea y para el centro\u201d.<\/p>\n<p>El empresario record\u00f3 que el camino hacia la concreci\u00f3n del nuevo espacio comercial comenz\u00f3 hace aproximadamente diez a\u00f1os, cuando su grupo adquiri\u00f3 una parte del complejo original. \u201cCon los distintos vaivenes del pa\u00eds tuvimos varios proyectos, incluso uno de un edificio, pero distintas condiciones nos hicieron cambiar de opini\u00f3n. De todos modos, siempre mantuvimos la idea de transformar esa esquina\u201d, explic\u00f3.<\/p>\n<p>Rosell\u00f3 detall\u00f3 que la sociedad que impuls\u00f3 la obra est\u00e1 conformada junto al contador Pedro Irungaray, su socio en actividades agropecuarias y en la empresa Guir\u00e1. A ellos se sum\u00f3 posteriormente el arquitecto Juan Jos\u00e9 Villa, quien dise\u00f1\u00f3 y dirigi\u00f3 la obra que hoy se presenta como uno de los nuevos polos comerciales del \u00e1rea c\u00e9ntrica.<\/p>\n<p>El complejo ya cuenta con diversos locales en funcionamiento, entre ellos Dolche Patagonia, y continuar\u00e1 sumando propuestas a medida que avancen las inauguraciones previstas. La apertura, seg\u00fan se\u00f1al\u00f3 Rosell\u00f3, representa no solo la recuperaci\u00f3n de un punto emblem\u00e1tico de la ciudad, sino tambi\u00e9n una apuesta de largo plazo al movimiento econ\u00f3mico local.<\/p>\n<p>\u201cCoincidimos en encarar el proyecto con Juan Jos\u00e9 Villa y surgi\u00f3 esto que hoy vemos ya operativo en 57 y 62\u201d, afirm\u00f3.<\/p>\n<p>Con esta intervenci\u00f3n, el grupo empresario busca contribuir a la revitalizaci\u00f3n urbana del sector y consolidar un espacio moderno, atractivo y funcional tanto para comerciantes como para vecinos y visitantes.<\/p>\n","protected":false},"excerpt":{"rendered":"<p>El empresario Francisco Rosell\u00f3, integrante del grupo inversor que llev\u00f3 adelante la compra y transformaci\u00f3n del hist\u00f3rico complejo comercial ubicado en la esquina de calles 57 y 62, celebr\u00f3 la reciente apertura de la renovada galer\u00eda y destac\u00f3 el impacto positivo que ya genera en el centro de Necochea. En di\u00e1logo con el periodista Jorge [&hellip;]<\/p>\n","protected":false},"author":3,"featured_media":117398,"comment_status":"open","ping_status":"open","sticky":false,"template":"","format":"standard","meta":{"footnotes":""},"categories":[3],"tags":[],"class_list":{"0":"post-117394","1":"post","2":"type-post","3":"status-publish","4":"format-standard","5":"has-post-thumbnail","7":"category-masnoticias"},"_links":{"self":[{"href":"https:\/\/primicias2262.com\/noticias\/wp-json\/wp\/v2\/posts\/117394","targetHints":{"allow":["GET"]}}],"collection":[{"href":"https:\/\/primicias2262.com\/noticias\/wp-json\/wp\/v2\/posts"}],"about":[{"href":"https:\/\/primicias2262.com\/noticias\/wp-json\/wp\/v2\/types\/post"}],"author":[{"embeddable":true,"href":"https:\/\/primicias2262.com\/noticias\/wp-json\/wp\/v2\/users\/3"}],"replies":[{"embeddable":true,"href":"https:\/\/primicias2262.com\/noticias\/wp-json\/wp\/v2\/comments?post=117394"}],"version-history":[{"count":2,"href":"https:\/\/primicias2262.com\/noticias\/wp-json\/wp\/v2\/posts\/117394\/revisions"}],"predecessor-version":[{"id":117419,"href":"https:\/\/primicias2262.com\/noticias\/wp-json\/wp\/v2\/posts\/117394\/revisions\/117419"}],"wp:featuredmedia":[{"embeddable":true,"href":"https:\/\/primicias2262.com\/noticias\/wp-json\/wp\/v2\/media\/117398"}],"wp:attachment":[{"href":"https:\/\/primicias2262.com\/noticias\/wp-json\/wp\/v2\/media?parent=117394"}],"wp:term":[{"taxonomy":"category","embeddable":true,"href":"https:\/\/primicias2262.com\/noticias\/wp-json\/wp\/v2\/categories?post=117394"},{"taxonomy":"post_tag","embeddable":true,"href":"https:\/\/primicias2262.com\/noticias\/wp-json\/wp\/v2\/tags?post=117394"}],"curies":[{"name":"wp","href":"https:\/\/api.w.org\/{rel}","templated":true}]}}