{"id":117395,"date":"2025-11-20T17:02:03","date_gmt":"2025-11-20T17:02:03","guid":{"rendered":"https:\/\/primicias2262.com\/noticias\/?p=117395"},"modified":"2025-11-26T17:15:28","modified_gmt":"2025-11-26T17:15:28","slug":"el-nuevo-presidente-de-caproq-proyecta-una-entidad-mas-activa-en-el-vinculo-entre-lo-publico-y-lo-privado","status":"publish","type":"post","link":"https:\/\/primicias2262.com\/noticias\/el-nuevo-presidente-de-caproq-proyecta-una-entidad-mas-activa-en-el-vinculo-entre-lo-publico-y-lo-privado\/","title":{"rendered":"El nuevo presidente de CAPROQ proyecta una entidad m\u00e1s activa en el v\u00ednculo entre lo p\u00fablico y lo privado"},"content":{"rendered":"<p>El empresario Pablo Errea, titular de la firma M&amp;P, es el nuevo presidente de la C\u00e1mara de Profesionales, Productores y Comerciantes de Necochea y Quequ\u00e9n (CAPROQ). En di\u00e1logo con el periodista Jorge G\u00f3mez, durante el programa Voces de la Ciudad que se emite por Estaci\u00f3n FREE 90.3 FM, el dirigente destac\u00f3 el crecimiento de la instituci\u00f3n y traz\u00f3 los primeros ejes de su futura gesti\u00f3n.<\/p>\n<p>\u201cHace varios a\u00f1os que estoy en la CAPROQ. En los dos \u00faltimos a\u00f1os de la presidencia de Hugo Obregozo ocup\u00e9 el rol de tesorero, y ahora me toca asumir como presidente\u201d, explic\u00f3 Errea, quien subray\u00f3 el car\u00e1cter multisectorial de la entidad: \u201cLa CAPROQ representa al mundo privado. Comenz\u00f3 con el puerto y el campo, y con el tiempo se fueron sumando distintos sectores, como el nuestro. Tambi\u00e9n se viene incorporando gente joven, lo cual es muy positivo: es importante que los m\u00e1s j\u00f3venes se involucren\u201d.<\/p>\n<p>El nuevo titular de la C\u00e1mara valor\u00f3 especialmente el funcionamiento del programa Impulsa, un ciclo de formaci\u00f3n coordinado por Antonella Giglio y un equipo de profesionales, que est\u00e1 destinado a fortalecer las capacidades de pymes y micro pymes locales.<\/p>\n<p>\u201cSe est\u00e1n dictando cursos muy buenos, con mucha participaci\u00f3n. El objetivo es elevar el nivel de las empresas de Necochea, detall\u00f3. Entre las propuestas se encuentran capacitaciones en administraci\u00f3n, redes sociales, fotograf\u00eda digital y otras \u00e1reas demandadas por los nuevos escenarios tecnol\u00f3gicos y comerciales.<\/p>\n<p>Aunque a\u00fan resta concretar el traspaso formal de la comisi\u00f3n, Errea anticip\u00f3 que la CAPROQ realizar\u00e1 una cena de cambio de autoridades en los pr\u00f3ximos d\u00edas. No obstante, asegur\u00f3 que ya est\u00e1 trabajando en la orientaci\u00f3n que pretende darle a la instituci\u00f3n.<\/p>\n<p>\u201cQuiero imprimirle a la CAPROQ una impronta que apunte a lograr cosas para la ciudad y para la gente. Apoyar los proyectos privados y ser un interlocutor cuando existan trabas en lo p\u00fablico, para tratar de ayudar, traer ideas y contribuir a impulsarlas\u201d, sostuvo.<\/p>\n<p>Con esta visi\u00f3n, la nueva presidencia busca posicionar a la C\u00e1mara como un actor din\u00e1mico en el desarrollo productivo y comercial del distrito, profundizando su rol en la articulaci\u00f3n entre empresarios, emprendedores y organismos estatales.<\/p>\n","protected":false},"excerpt":{"rendered":"<p>El empresario Pablo Errea, titular de la firma M&amp;P, es el nuevo presidente de la C\u00e1mara de Profesionales, Productores y Comerciantes de Necochea y Quequ\u00e9n (CAPROQ). En di\u00e1logo con el periodista Jorge G\u00f3mez, durante el programa Voces de la Ciudad que se emite por Estaci\u00f3n FREE 90.3 FM, el dirigente destac\u00f3 el crecimiento de la [&hellip;]<\/p>\n","protected":false},"author":3,"featured_media":117399,"comment_status":"open","ping_status":"open","sticky":false,"template":"","format":"standard","meta":{"footnotes":""},"categories":[3],"tags":[],"class_list":{"0":"post-117395","1":"post","2":"type-post","3":"status-publish","4":"format-standard","5":"has-post-thumbnail","7":"category-masnoticias"},"_links":{"self":[{"href":"https:\/\/primicias2262.com\/noticias\/wp-json\/wp\/v2\/posts\/117395","targetHints":{"allow":["GET"]}}],"collection":[{"href":"https:\/\/primicias2262.com\/noticias\/wp-json\/wp\/v2\/posts"}],"about":[{"href":"https:\/\/primicias2262.com\/noticias\/wp-json\/wp\/v2\/types\/post"}],"author":[{"embeddable":true,"href":"https:\/\/primicias2262.com\/noticias\/wp-json\/wp\/v2\/users\/3"}],"replies":[{"embeddable":true,"href":"https:\/\/primicias2262.com\/noticias\/wp-json\/wp\/v2\/comments?post=117395"}],"version-history":[{"count":1,"href":"https:\/\/primicias2262.com\/noticias\/wp-json\/wp\/v2\/posts\/117395\/revisions"}],"predecessor-version":[{"id":117400,"href":"https:\/\/primicias2262.com\/noticias\/wp-json\/wp\/v2\/posts\/117395\/revisions\/117400"}],"wp:featuredmedia":[{"embeddable":true,"href":"https:\/\/primicias2262.com\/noticias\/wp-json\/wp\/v2\/media\/117399"}],"wp:attachment":[{"href":"https:\/\/primicias2262.com\/noticias\/wp-json\/wp\/v2\/media?parent=117395"}],"wp:term":[{"taxonomy":"category","embeddable":true,"href":"https:\/\/primicias2262.com\/noticias\/wp-json\/wp\/v2\/categories?post=117395"},{"taxonomy":"post_tag","embeddable":true,"href":"https:\/\/primicias2262.com\/noticias\/wp-json\/wp\/v2\/tags?post=117395"}],"curies":[{"name":"wp","href":"https:\/\/api.w.org\/{rel}","templated":true}]}}