{"id":117396,"date":"2025-11-20T17:03:13","date_gmt":"2025-11-20T17:03:13","guid":{"rendered":"https:\/\/primicias2262.com\/noticias\/?p=117396"},"modified":"2025-11-26T17:15:16","modified_gmt":"2025-11-26T17:15:16","slug":"liliana-latronico-recuerda-los-origenes-de-la-villa-del-deportista-y-avanza-sobre-el-proceso-de-regularizacion-dominial","status":"publish","type":"post","link":"https:\/\/primicias2262.com\/noticias\/liliana-latronico-recuerda-los-origenes-de-la-villa-del-deportista-y-avanza-sobre-el-proceso-de-regularizacion-dominial\/","title":{"rendered":"Liliana Latr\u00f3nico recuerda los or\u00edgenes de la Villa del Deportista y avanza sobre el proceso de regularizaci\u00f3n dominial"},"content":{"rendered":"<p>Liliana Latr\u00f3nico, referente de la firma Concordia Azul e hija de F\u00e9lix Latr\u00f3nico \u2014fundador de la Villa del Deportista a mediados de la d\u00e9cada del \u201950\u2014 comparti\u00f3 un profundo testimonio sobre la historia del barrio y la compleja tarea de ordenamiento legal que hoy encabeza. En di\u00e1logo con el periodista Jorge G\u00f3mez, durante el programa Voces de la Ciudad que se emite por Estaci\u00f3n FREE 90.3 FM, rememor\u00f3 c\u00f3mo se gest\u00f3 aquel espacio que hoy forma parte del entramado urbano de Necochea.<\/p>\n<p>\u201cEl lugar era un campo y hab\u00eda que hacer todo: subdividirlo, lotearlo y mejorar el camino de tierra que llevaba hasta all\u00ed desde la calle 89. En ese tiempo era como ir a la luna\u201d, record\u00f3. Seg\u00fan relat\u00f3, su padre trabaj\u00f3 desde los inicios en la consolidaci\u00f3n de los accesos: \u201cMi pap\u00e1 hab\u00eda trabado una amistad entra\u00f1able con el intendente Arce. Desde la Municipalidad le prestaron las m\u00e1quinas y \u00e9l, junto con otros vecinos, puso el material y el trabajo. Entosc\u00f3 toda la 10 hasta la Villa del Deportista\u201d.<\/p>\n<p>A partir de entonces comenz\u00f3 la forestaci\u00f3n del lugar y la llegada de los servicios. \u201cMi pap\u00e1 le puso una dedicaci\u00f3n inmensa. Pasaron m\u00e1s de 70 a\u00f1os y ese legado pas\u00f3 a m\u00ed*\u201d, expres\u00f3.<\/p>\n<p>Latr\u00f3nico explic\u00f3 que retom\u00f3 el control societario de Concordia Azul hace casi una d\u00e9cada, con el objetivo de \u201cordenar desde los papeles\u201d un barrio que, seg\u00fan describi\u00f3, estaba en un \u201ctotal desorden\u201d administrativo. La empresa, que hoy gestiona junto a sus hijas, se aboc\u00f3 a resolver situaciones particulares caso por caso.<\/p>\n<p>\u201cHubo gente que hab\u00eda comprado pero nunca escritur\u00f3, o personas que construyeron su casa sin tener ning\u00fan papel. Hemos tratado cada situaci\u00f3n de manera individual y logramos llegar a soluciones\u201d, indic\u00f3. Sin embargo, reconoci\u00f3 que el proceso implic\u00f3 \u201cun costo terrible en abogados\u201d, ya que la sociedad, fundada en 1953, contaba con documentaci\u00f3n manuscrita y muy desactualizada.<\/p>\n<p>El objetivo actual, destac\u00f3, es poder recuperar esa inversi\u00f3n y otorgar las escrituras correspondientes: \u201cQueremos que la gente tenga un documento que valorice su propiedad y que, cuando llegue el momento, pueda venderla. Y adem\u00e1s, que la Municipalidad pueda recaudar los impuestos como corresponde\u201d.<\/p>\n<p>Uno de los obst\u00e1culos m\u00e1s complejos que enfrenta la firma es la existencia de un n\u00famero importante de lotes ocupados. \u201cHay alrededor de 60 terrenos tomados. Algunos con intencionalidad y otros por desconocimiento. En algunos casos tienen papeles, pero no son reales: presentan firmas ap\u00f3crifas y han sido estafados. Pero no es culpa m\u00eda\u201d, remarc\u00f3.<\/p>\n<p>Latr\u00f3nico se\u00f1al\u00f3 que, pese a haber ofrecido alternativas de arreglo, no todos los ocupantes muestran voluntad de regularizar. \u201cTodav\u00eda hay tiempo para resolverlo de manera acordada, pero lamentablemente estamos entrando en una fase judicial que era lo que yo nunca quer\u00eda\u201d.<\/p>\n<p>Incluso mencion\u00f3 casos extremos: \u201cAlguien construy\u00f3 una casa con pileta en un terreno fiscal, y luego nos hizo juicio porque no le d\u00e1bamos la escritura\u2026 Cosas as\u00ed han pasado\u201d.<\/p>\n<p>Finalmente, reafirm\u00f3 que el objetivo principal de Concordia Azul es \u201cordenar y embellecer\u201d la Villa del Deportista, completando un proceso de d\u00e9cadas que comenz\u00f3 con la visi\u00f3n fundacional de su padre.<\/p>\n<p>\u201cLa historia contin\u00faa, y queremos que la villa siga creciendo de manera sana y en regla\u201d, cerr\u00f3.<\/p>\n","protected":false},"excerpt":{"rendered":"<p>Liliana Latr\u00f3nico, referente de la firma Concordia Azul e hija de F\u00e9lix Latr\u00f3nico \u2014fundador de la Villa del Deportista a mediados de la d\u00e9cada del \u201950\u2014 comparti\u00f3 un profundo testimonio sobre la historia del barrio y la compleja tarea de ordenamiento legal que hoy encabeza. En di\u00e1logo con el periodista Jorge G\u00f3mez, durante el programa [&hellip;]<\/p>\n","protected":false},"author":3,"featured_media":112314,"comment_status":"open","ping_status":"open","sticky":false,"template":"","format":"standard","meta":{"footnotes":""},"categories":[3],"tags":[],"class_list":{"0":"post-117396","1":"post","2":"type-post","3":"status-publish","4":"format-standard","5":"has-post-thumbnail","7":"category-masnoticias"},"_links":{"self":[{"href":"https:\/\/primicias2262.com\/noticias\/wp-json\/wp\/v2\/posts\/117396","targetHints":{"allow":["GET"]}}],"collection":[{"href":"https:\/\/primicias2262.com\/noticias\/wp-json\/wp\/v2\/posts"}],"about":[{"href":"https:\/\/primicias2262.com\/noticias\/wp-json\/wp\/v2\/types\/post"}],"author":[{"embeddable":true,"href":"https:\/\/primicias2262.com\/noticias\/wp-json\/wp\/v2\/users\/3"}],"replies":[{"embeddable":true,"href":"https:\/\/primicias2262.com\/noticias\/wp-json\/wp\/v2\/comments?post=117396"}],"version-history":[{"count":2,"href":"https:\/\/primicias2262.com\/noticias\/wp-json\/wp\/v2\/posts\/117396\/revisions"}],"predecessor-version":[{"id":117418,"href":"https:\/\/primicias2262.com\/noticias\/wp-json\/wp\/v2\/posts\/117396\/revisions\/117418"}],"wp:featuredmedia":[{"embeddable":true,"href":"https:\/\/primicias2262.com\/noticias\/wp-json\/wp\/v2\/media\/112314"}],"wp:attachment":[{"href":"https:\/\/primicias2262.com\/noticias\/wp-json\/wp\/v2\/media?parent=117396"}],"wp:term":[{"taxonomy":"category","embeddable":true,"href":"https:\/\/primicias2262.com\/noticias\/wp-json\/wp\/v2\/categories?post=117396"},{"taxonomy":"post_tag","embeddable":true,"href":"https:\/\/primicias2262.com\/noticias\/wp-json\/wp\/v2\/tags?post=117396"}],"curies":[{"name":"wp","href":"https:\/\/api.w.org\/{rel}","templated":true}]}}