{"id":117408,"date":"2025-11-26T17:13:29","date_gmt":"2025-11-26T17:13:29","guid":{"rendered":"https:\/\/primicias2262.com\/noticias\/?p=117408"},"modified":"2025-11-27T16:25:03","modified_gmt":"2025-11-27T16:25:03","slug":"sierra-celebro-el-exito-de-los-festejos-por-el-aniversario-y-destaco-el-impacto-turistico-del-fin-de-semana-largo","status":"publish","type":"post","link":"https:\/\/primicias2262.com\/noticias\/sierra-celebro-el-exito-de-los-festejos-por-el-aniversario-y-destaco-el-impacto-turistico-del-fin-de-semana-largo\/","title":{"rendered":"Sierra celebr\u00f3 el \u00e9xito de los festejos por el Aniversario y destac\u00f3 el impacto tur\u00edstico del fin de semana largo"},"content":{"rendered":"<p><strong>El secretario de Turismo y Desarrollo Productivo de la Municipalidad de Necochea, Mat\u00edas Sierra, realiz\u00f3 un balance altamente positivo tras los festejos por el 144\u00ba Aniversario de la ciudad y la Inauguraci\u00f3n de la Temporada de Verano 2025\/2026. El funcionario dialog\u00f3 con el periodista Jorge G\u00f3mez en el programa Voces de la Ciudad, que se emite por Estaci\u00f3n FREE 90.3 FM, donde subray\u00f3 el fuerte movimiento tur\u00edstico y la masiva participaci\u00f3n vecinal registrada durante las tres jornadas de celebraci\u00f3n.<\/strong><\/p>\n<p>\u201cTenemos una alegr\u00eda muy grande; lo que se vivi\u00f3 el fin de semana fue muy auspicioso de cara a lo que se pueda llegar a venir en la temporada\u201d, expres\u00f3 Sierra, resaltando la gran cantidad de p\u00fablico que se acerc\u00f3 al Jard\u00edn Franc\u00e9s para disfrutar de m\u00faltiples propuestas culturales, recreativas y gastron\u00f3micas.<\/p>\n<p>El buen clima acompa\u00f1\u00f3 durante todo el fin de semana, un factor que \u2014seg\u00fan indic\u00f3\u2014 resulta \u201cfundamental\u201d para garantizar el \u00e9xito de este tipo de actividades al aire libre.<\/p>\n<p>El funcionario agradeci\u00f3 especialmente al personal municipal, y en particular al equipo de la Secretar\u00eda de Turismo y Desarrollo Productivo, por el trabajo sostenido durante meses para garantizar una celebraci\u00f3n de alto nivel.<\/p>\n<p>\u201cFue un fin de semana que se ven\u00eda organizando desde hace seis o siete meses y finalmente se dio con un marco impresionante de gente. Tres eventos traccionaron much\u00edsimo y dieron la posibilidad de tener ocupaci\u00f3n plena en muchos alojamientos de la ciudad\u201d, detall\u00f3.<\/p>\n<p>Sierra asegur\u00f3 que no se registraron inconvenientes, lo que contribuy\u00f3 a un desarrollo ordenado y disfrutado tanto por vecinos como por visitantes. \u201cEstamos muy contentos por c\u00f3mo se dio todo, no surgi\u00f3 ning\u00fan tipo de problemas y estamos muy satisfechos\u201d, afirm\u00f3.<\/p>\n<p>El secretario destac\u00f3 que el fin de semana largo combin\u00f3 diversas actividades de gran convocatoria, lo que gener\u00f3 un flujo tur\u00edstico excepcional.<\/p>\n<p>\u201cFue una sumatoria de cosas que ayudaron a que fuera un fin de semana lleno de gente: el campeonato de f\u00fatbol senior, con 1.700 participantes; las Olimpiadas de Ciencias Econ\u00f3micas; el Nec Go; y adem\u00e1s varios prestadores y comerciantes nos expresaron su satisfacci\u00f3n por c\u00f3mo se trabaj\u00f3 durante el fin de semana\u201d, enumer\u00f3.<\/p>\n<p>Sierra celebr\u00f3 el impacto econ\u00f3mico positivo y el entusiasmo generalizado: \u201cEstamos felices porque se trabaja para esto\u201d.<\/p>\n","protected":false},"excerpt":{"rendered":"<p>El secretario de Turismo y Desarrollo Productivo de la Municipalidad de Necochea, Mat\u00edas Sierra, realiz\u00f3 un balance altamente positivo tras los festejos por el 144\u00ba Aniversario de la ciudad y la Inauguraci\u00f3n de la Temporada de Verano 2025\/2026. El funcionario dialog\u00f3 con el periodista Jorge G\u00f3mez en el programa Voces de la Ciudad, que se [&hellip;]<\/p>\n","protected":false},"author":3,"featured_media":103364,"comment_status":"open","ping_status":"open","sticky":false,"template":"","format":"standard","meta":{"footnotes":""},"categories":[3],"tags":[],"class_list":{"0":"post-117408","1":"post","2":"type-post","3":"status-publish","4":"format-standard","5":"has-post-thumbnail","7":"category-masnoticias"},"_links":{"self":[{"href":"https:\/\/primicias2262.com\/noticias\/wp-json\/wp\/v2\/posts\/117408","targetHints":{"allow":["GET"]}}],"collection":[{"href":"https:\/\/primicias2262.com\/noticias\/wp-json\/wp\/v2\/posts"}],"about":[{"href":"https:\/\/primicias2262.com\/noticias\/wp-json\/wp\/v2\/types\/post"}],"author":[{"embeddable":true,"href":"https:\/\/primicias2262.com\/noticias\/wp-json\/wp\/v2\/users\/3"}],"replies":[{"embeddable":true,"href":"https:\/\/primicias2262.com\/noticias\/wp-json\/wp\/v2\/comments?post=117408"}],"version-history":[{"count":2,"href":"https:\/\/primicias2262.com\/noticias\/wp-json\/wp\/v2\/posts\/117408\/revisions"}],"predecessor-version":[{"id":117434,"href":"https:\/\/primicias2262.com\/noticias\/wp-json\/wp\/v2\/posts\/117408\/revisions\/117434"}],"wp:featuredmedia":[{"embeddable":true,"href":"https:\/\/primicias2262.com\/noticias\/wp-json\/wp\/v2\/media\/103364"}],"wp:attachment":[{"href":"https:\/\/primicias2262.com\/noticias\/wp-json\/wp\/v2\/media?parent=117408"}],"wp:term":[{"taxonomy":"category","embeddable":true,"href":"https:\/\/primicias2262.com\/noticias\/wp-json\/wp\/v2\/categories?post=117408"},{"taxonomy":"post_tag","embeddable":true,"href":"https:\/\/primicias2262.com\/noticias\/wp-json\/wp\/v2\/tags?post=117408"}],"curies":[{"name":"wp","href":"https:\/\/api.w.org\/{rel}","templated":true}]}}