{"id":117409,"date":"2025-11-26T17:13:59","date_gmt":"2025-11-26T17:13:59","guid":{"rendered":"https:\/\/primicias2262.com\/noticias\/?p=117409"},"modified":"2025-11-27T16:25:11","modified_gmt":"2025-11-27T16:25:11","slug":"la-sociedad-espanola-local-renovo-autoridades-y-apunta-al-crecimiento-institucional","status":"publish","type":"post","link":"https:\/\/primicias2262.com\/noticias\/la-sociedad-espanola-local-renovo-autoridades-y-apunta-al-crecimiento-institucional\/","title":{"rendered":"La Sociedad Espa\u00f1ola local renov\u00f3 autoridades y apunta al crecimiento institucional"},"content":{"rendered":"<p><strong>El presidente de la Sociedad Espa\u00f1ola de Necochea, Jos\u00e9 Luis Ruiz, brind\u00f3 detalles sobre la reciente Asamblea General Ordinaria, instancia en la que se concret\u00f3 la renovaci\u00f3n parcial de autoridades y que lo mantiene al frente de la instituci\u00f3n. En di\u00e1logo con el periodista Jorge G\u00f3mez, en el programa Voces de la Ciudad que se emite por Estaci\u00f3n FREE 90.3 FM, Ruiz realiz\u00f3 un balance positivo del presente de la entidad y de los proyectos en marcha.<\/strong><\/p>\n<p>Ruiz explic\u00f3 que en la asamblea se presentaron la memoria y el balance anual, los cuales arrojaron un saldo favorable, producto del acompa\u00f1amiento constante de los socios y del p\u00fablico en general.<\/p>\n<p>\u201cGracias al aporte de los socios y de la comunidad, que nos visita a diario en la farmacia mutual y la proveedur\u00eda, el balance ha sido positivo. Estamos contentos por ese lado\u201d, afirm\u00f3.<\/p>\n<p>El dirigente record\u00f3 que, por estatuto, la comisi\u00f3n directiva se renueva en un 50% cada a\u00f1o, por lo que en esta oportunidad correspondi\u00f3 la elecci\u00f3n de nuevas autoridades en algunos cargos. \u201cSe hizo la elecci\u00f3n nuevamente del vicepresidente, que continuar\u00e1 siendo Hern\u00e1n Gonz\u00e1lez Ortiz por dos a\u00f1os\u201d, detall\u00f3.<\/p>\n<p>Consultado sobre los desaf\u00edos futuros, Ruiz se\u00f1al\u00f3 que la instituci\u00f3n mantiene proyectos permanentes orientados a modernizar la atenci\u00f3n y agilizar los servicios para los socios. \u201cSiempre estamos viendo la manera de mejorar y hacer m\u00e1s eficiente la atenci\u00f3n al p\u00fablico\u201d, expres\u00f3.<\/p>\n<p>Uno de los cambios m\u00e1s importantes del \u00faltimo a\u00f1o fue la decisi\u00f3n de que la comisi\u00f3n directiva asuma la administraci\u00f3n directa del predio recreativo, luego de finalizar en agosto la concesi\u00f3n que hab\u00eda estado vigente por tres a\u00f1os. \u201cLa comisi\u00f3n decidi\u00f3 administrarlo directamente. Lo pusimos en valor, porque es un predio inaugurado hace 17 a\u00f1os y necesitaba un mantenimiento de fondo\u201d, explic\u00f3 Ruiz.<\/p>\n<p>El espacio, que cuenta con sol\u00e1rium, pileta, parrillas y snack bar, se encuentra actualmente en pleno proceso de mejoras.<\/p>\n<p>Ruiz tambi\u00e9n destac\u00f3 el significativo crecimiento que ha tenido la zona ribere\u00f1a, donde se encuentra ubicado el predio de la Sociedad Espa\u00f1ola. \u201cCuando nosotros compramos ese predio no hab\u00eda nada, est\u00e1bamos lejos. Hoy estamos quedando en medio de una parte urbanizada, con casas y servicios\u201d, celebr\u00f3.<\/p>\n<p>El presidente valor\u00f3 este desarrollo como un factor que potencia la actividad del espacio y abre nuevas posibilidades para la comunidad vinculada a la instituci\u00f3n.<\/p>\n<p>En cuanto a la comisi\u00f3n directiva y fiscalizadora, qued\u00f3 conformada de la siguiente forma:<\/p>\n<p>PRESIDENTE: Ruiz Jos\u00e9 Luis<br \/>\nVicepresidente: Gonz\u00e1lez Ortiz Hern\u00e1n<br \/>\nSecretario: Tammone Guillermo Rub\u00e9n<br \/>\nPro secretario: Castro Marta Beatriz<br \/>\nTesorero: Prieto Ricardo Daniel<br \/>\nPro tesorero: Menna Pablo Martin<\/p>\n<p>Vocales titulares:<br \/>\nBalinotti Jorge Alberto<br \/>\nDelpardo Maite<br \/>\nPintos Celia Mercedes<br \/>\nDom\u00ednguez Eduardo Francisco<\/p>\n<p>Vocales suplentes:<br \/>\nMathiasen Elsa Haydee<br \/>\nSierra Tom\u00e1s Francisco<br \/>\nRodr\u00edguez N\u00e9stor Hugo<br \/>\nReynoso Nazar Maria Silvina<\/p>\n<p>Junta Fiscalizadora titulares:<\/p>\n<p>Delgado Ana Julia<br \/>\nOrtiz Maria Alicia<br \/>\nJim\u00e9nez Rodr\u00edguez Inmaculada<\/p>\n<p>Junta Fiscalizadora suplentes:<\/p>\n<p>Russo Maria Cecilia<br \/>\nMenna Jos\u00e9 Nicol\u00e1s<br \/>\nTammone Daiana<\/p>\n","protected":false},"excerpt":{"rendered":"<p>El presidente de la Sociedad Espa\u00f1ola de Necochea, Jos\u00e9 Luis Ruiz, brind\u00f3 detalles sobre la reciente Asamblea General Ordinaria, instancia en la que se concret\u00f3 la renovaci\u00f3n parcial de autoridades y que lo mantiene al frente de la instituci\u00f3n. En di\u00e1logo con el periodista Jorge G\u00f3mez, en el programa Voces de la Ciudad que se [&hellip;]<\/p>\n","protected":false},"author":3,"featured_media":104696,"comment_status":"open","ping_status":"open","sticky":false,"template":"","format":"standard","meta":{"footnotes":""},"categories":[3],"tags":[],"class_list":{"0":"post-117409","1":"post","2":"type-post","3":"status-publish","4":"format-standard","5":"has-post-thumbnail","7":"category-masnoticias"},"_links":{"self":[{"href":"https:\/\/primicias2262.com\/noticias\/wp-json\/wp\/v2\/posts\/117409","targetHints":{"allow":["GET"]}}],"collection":[{"href":"https:\/\/primicias2262.com\/noticias\/wp-json\/wp\/v2\/posts"}],"about":[{"href":"https:\/\/primicias2262.com\/noticias\/wp-json\/wp\/v2\/types\/post"}],"author":[{"embeddable":true,"href":"https:\/\/primicias2262.com\/noticias\/wp-json\/wp\/v2\/users\/3"}],"replies":[{"embeddable":true,"href":"https:\/\/primicias2262.com\/noticias\/wp-json\/wp\/v2\/comments?post=117409"}],"version-history":[{"count":1,"href":"https:\/\/primicias2262.com\/noticias\/wp-json\/wp\/v2\/posts\/117409\/revisions"}],"predecessor-version":[{"id":117414,"href":"https:\/\/primicias2262.com\/noticias\/wp-json\/wp\/v2\/posts\/117409\/revisions\/117414"}],"wp:featuredmedia":[{"embeddable":true,"href":"https:\/\/primicias2262.com\/noticias\/wp-json\/wp\/v2\/media\/104696"}],"wp:attachment":[{"href":"https:\/\/primicias2262.com\/noticias\/wp-json\/wp\/v2\/media?parent=117409"}],"wp:term":[{"taxonomy":"category","embeddable":true,"href":"https:\/\/primicias2262.com\/noticias\/wp-json\/wp\/v2\/categories?post=117409"},{"taxonomy":"post_tag","embeddable":true,"href":"https:\/\/primicias2262.com\/noticias\/wp-json\/wp\/v2\/tags?post=117409"}],"curies":[{"name":"wp","href":"https:\/\/api.w.org\/{rel}","templated":true}]}}