{"id":117410,"date":"2025-11-26T17:15:01","date_gmt":"2025-11-26T17:15:01","guid":{"rendered":"https:\/\/primicias2262.com\/noticias\/?p=117410"},"modified":"2025-11-27T16:24:57","modified_gmt":"2025-11-27T16:24:57","slug":"jimena-lopez-defendio-avanzar-con-la-licitacion-de-terminal-quequen","status":"publish","type":"post","link":"https:\/\/primicias2262.com\/noticias\/jimena-lopez-defendio-avanzar-con-la-licitacion-de-terminal-quequen\/","title":{"rendered":"Jimena L\u00f3pez defendi\u00f3 avanzar con la licitaci\u00f3n de Terminal Quequ\u00e9n"},"content":{"rendered":"<p><strong>La presidenta del Consorcio de Gesti\u00f3n de Puerto Quequ\u00e9n y diputada nacional electa por Fuerza Patria, Jimena L\u00f3pez, se refiri\u00f3 a su inminente salida del organismo portuario y al estado del proceso de pr\u00f3rroga y futura licitaci\u00f3n del permiso de Terminal Quequ\u00e9n. Lo hizo en di\u00e1logo con el periodista Jorge G\u00f3mez en el programa Voces de la Ciudad, que se emite por Estaci\u00f3n FREE 90.3 FM.<\/strong><\/p>\n<p>Frente a versiones que especulaban con su continuidad, L\u00f3pez fue terminante: \u201cEra una especulaci\u00f3n que siguiera como presidenta del puerto despu\u00e9s de jurar como diputada. Si conocieran la ley sabr\u00edan que hay incompatibilidades: nadie que ejerza un cargo de funcionaria provincial puede asumir una legislatura nacional\u201d, expres\u00f3, adjudicando los rumores al \u201cruido que hay siempre\u201d.<\/p>\n<p>Aclar\u00f3 adem\u00e1s que su salida responde estrictamente a una definici\u00f3n pol\u00edtica: \u201cMe voy no porque nadie me saque, sino porque respondo a una l\u00ednea pol\u00edtica que me puso segunda en una lista nacional y eso tiene una gran responsabilidad. Yo no estoy a favor de las candidaturas testimoniales; hay que hacerse cargo de las decisiones que uno toma\u201d.<\/p>\n<p>En cuanto a la licitaci\u00f3n de Terminal Quequ\u00e9n, L\u00f3pez explic\u00f3 que el consorcio present\u00f3 a Terminal Quequ\u00e9n una oferta de pr\u00f3rroga por 180 d\u00edas, y que la empresa tiene tiempo hasta este viernes para responder, dado que la actual extensi\u00f3n vence el 30 de noviembre.<\/p>\n<p>\u201cEs un ofrecimiento por 180 d\u00edas porque hay que tomar una definici\u00f3n. Hace cuatro a\u00f1os que venimos rogando la pr\u00f3rroga. Creo que el directorio ha hecho un buen trabajo, pero todav\u00eda falta la definici\u00f3n econ\u00f3mica de la licitaci\u00f3n: c\u00f3mo se va a dar y cu\u00e1nto debe poner el oferente\u201d, se\u00f1al\u00f3.<\/p>\n<p>La dirigente remarc\u00f3 que se trata de una instancia de di\u00e1logo, y pidi\u00f3 desdramatizar el escenario: \u201cNadie deber\u00eda ponerse nervioso porque esto forma parte de las reglas de juego. Dilatar la dilataci\u00f3n hace que no se paguen los c\u00e1nones correspondientes, que no se pueda invertir en obras y que la infraestructura provincial se desgaste, porque nadie proyecta una inversi\u00f3n millonaria con horizonte de un a\u00f1o\u201d.<\/p>\n<p>Para L\u00f3pez, los 180 d\u00edas propuestos representan un plazo \u201cm\u00e1s que prudencial\u201d para ordenar el proceso y garantizar transparencia, se\u00f1alando la necesidad de terminar con una situaci\u00f3n prolongada que afecta la operatoria portuaria.<\/p>\n<p>\u201cLas pr\u00f3rrogas, en alg\u00fan punto, rozan el incumplimiento del contrato, y esta licitaci\u00f3n se venci\u00f3 hace cuatro a\u00f1os. Por seguridad jur\u00eddica, por los trabajadores y por la infraestructura provincial, hay que licitar, y hacerlo seriamente\u201d, afirm\u00f3.<\/p>\n<p>Asimismo, destac\u00f3 que Puerto Quequ\u00e9n atraviesa su segundo a\u00f1o consecutivo de operatoria r\u00e9cord, un factor que, dijo, \u201cdebe ser cuidado con decisiones responsables y reglas claras\u201d.<\/p>\n","protected":false},"excerpt":{"rendered":"<p>La presidenta del Consorcio de Gesti\u00f3n de Puerto Quequ\u00e9n y diputada nacional electa por Fuerza Patria, Jimena L\u00f3pez, se refiri\u00f3 a su inminente salida del organismo portuario y al estado del proceso de pr\u00f3rroga y futura licitaci\u00f3n del permiso de Terminal Quequ\u00e9n. Lo hizo en di\u00e1logo con el periodista Jorge G\u00f3mez en el programa Voces [&hellip;]<\/p>\n","protected":false},"author":3,"featured_media":114522,"comment_status":"open","ping_status":"open","sticky":false,"template":"","format":"standard","meta":{"footnotes":""},"categories":[5],"tags":[],"class_list":{"0":"post-117410","1":"post","2":"type-post","3":"status-publish","4":"format-standard","5":"has-post-thumbnail","7":"category-neco"},"_links":{"self":[{"href":"https:\/\/primicias2262.com\/noticias\/wp-json\/wp\/v2\/posts\/117410","targetHints":{"allow":["GET"]}}],"collection":[{"href":"https:\/\/primicias2262.com\/noticias\/wp-json\/wp\/v2\/posts"}],"about":[{"href":"https:\/\/primicias2262.com\/noticias\/wp-json\/wp\/v2\/types\/post"}],"author":[{"embeddable":true,"href":"https:\/\/primicias2262.com\/noticias\/wp-json\/wp\/v2\/users\/3"}],"replies":[{"embeddable":true,"href":"https:\/\/primicias2262.com\/noticias\/wp-json\/wp\/v2\/comments?post=117410"}],"version-history":[{"count":2,"href":"https:\/\/primicias2262.com\/noticias\/wp-json\/wp\/v2\/posts\/117410\/revisions"}],"predecessor-version":[{"id":117433,"href":"https:\/\/primicias2262.com\/noticias\/wp-json\/wp\/v2\/posts\/117410\/revisions\/117433"}],"wp:featuredmedia":[{"embeddable":true,"href":"https:\/\/primicias2262.com\/noticias\/wp-json\/wp\/v2\/media\/114522"}],"wp:attachment":[{"href":"https:\/\/primicias2262.com\/noticias\/wp-json\/wp\/v2\/media?parent=117410"}],"wp:term":[{"taxonomy":"category","embeddable":true,"href":"https:\/\/primicias2262.com\/noticias\/wp-json\/wp\/v2\/categories?post=117410"},{"taxonomy":"post_tag","embeddable":true,"href":"https:\/\/primicias2262.com\/noticias\/wp-json\/wp\/v2\/tags?post=117410"}],"curies":[{"name":"wp","href":"https:\/\/api.w.org\/{rel}","templated":true}]}}