{"id":117412,"date":"2025-11-26T17:14:38","date_gmt":"2025-11-26T17:14:38","guid":{"rendered":"https:\/\/primicias2262.com\/noticias\/?p=117412"},"modified":"2025-11-27T16:25:19","modified_gmt":"2025-11-27T16:25:19","slug":"estudiantes-de-la-escuela-de-artes-reclaman-definiciones-por-el-predio-del-complejo-jesuita-cardiel","status":"publish","type":"post","link":"https:\/\/primicias2262.com\/noticias\/estudiantes-de-la-escuela-de-artes-reclaman-definiciones-por-el-predio-del-complejo-jesuita-cardiel\/","title":{"rendered":"Estudiantes de la Escuela de Artes reclaman definiciones por el predio del Complejo Jesuita Cardiel"},"content":{"rendered":"<p><strong>La titular del Centro de Estudiantes Micelio de la Escuela de Artes \u201cOrillas del Quequ\u00e9n\u201d, Nicole Fuente Marchal, expres\u00f3 su preocupaci\u00f3n por la persistente situaci\u00f3n de inseguridad y deterioro en el Complejo Jesuita Cardiel, donde funcionan varias instituciones educativas provinciales. Lo hizo en di\u00e1logo con el periodista Jorge G\u00f3mez, en el programa Voces de la Ciudad, emitido por Estaci\u00f3n FREE 90.3 FM.<\/strong><\/p>\n<p>Fuente Marchal explic\u00f3 que los estudiantes elaboraron una carta dirigida al gobernador, con el acompa\u00f1amiento de las dem\u00e1s instituciones del predio, con un pedido central: que se reactive el expediente por el cual la Provincia solicita a Vialidad la cesi\u00f3n del predio.<\/p>\n<p>\u201cPara nosotros eso es lo m\u00e1s importante. Quer\u00edamos hacerle llegar una carta al gobernador donde se solicita que se active ese expediente. El predio nunca se cedi\u00f3 y sigue siendo de Vialidad\u201d, se\u00f1al\u00f3.<\/p>\n<p>La dirigente estudiantil record\u00f3 que dentro del predio conviven diversas instituciones provinciales: el Instituto Superior de Formaci\u00f3n Docente y T\u00e9cnica N\u00ba 31, la Escuela de Artes, el Consejo Escolar, el Taller Todo para Ellos, el Centro de Formaci\u00f3n Profesional y dependencias del INTA.<\/p>\n<p>\u201cPasan unas 3.000 personas por d\u00eda, y algunas cursadas terminan muy tarde\u201d, describi\u00f3. En ese marco, subray\u00f3 los riesgos que enfrentan estudiantes y docentes al retirarse del predio.<\/p>\n<p>\u201cA veces salimos en manada porque hay mucha oscuridad. La ribera est\u00e1 oscur\u00edsima y hay que rebusc\u00e1rsela para salir. Es muy dif\u00edcil\u201d, sostuvo.<\/p>\n<p>Fuente Marchal se\u00f1al\u00f3 que la comunidad educativa ya agot\u00f3 distintos canales institucionales para reclamar mejoras, pero que el principal obst\u00e1culo sigue siendo la falta de claridad sobre qui\u00e9n debe hacerse cargo del predio.<\/p>\n<p>\u201cYa fuimos por otras v\u00edas reclamando, y ahora creemos que lo primordial es definir qui\u00e9n se va a hacer cargo de esto. Quiz\u00e1s sea una lucha que nos lleve muchos a\u00f1os; de hecho, ya lleva 11 a\u00f1os\u201d, expres\u00f3.<\/p>\n<p>Adem\u00e1s de la inseguridad, denunci\u00f3 el deterioro edilicio, con problemas graves de infraestructura. \u201cA veces ponemos baldes porque se llueve\u201d, revel\u00f3, graficando la precariedad que atraviesan diariamente.<\/p>\n<p>La referente estudiantil admiti\u00f3 que la situaci\u00f3n genera agotamiento en toda la comunidad educativa, aunque insisti\u00f3 en la necesidad de sostener la lucha. \u201cHay un cansancio porque se viene peleando todos estos a\u00f1os, pero hay que seguir sin bajar los brazos\u201d, afirm\u00f3.<\/p>\n<p>El Centro de Estudiantes espera que la carta presentada impulse respuestas concretas y acelere la definici\u00f3n del futuro del predio, una demanda que consideran urgente no solo por la seguridad, sino tambi\u00e9n por la calidad educativa y el respeto hacia las miles de personas que transitan diariamente el complejo.<\/p>\n","protected":false},"excerpt":{"rendered":"<p>La titular del Centro de Estudiantes Micelio de la Escuela de Artes \u201cOrillas del Quequ\u00e9n\u201d, Nicole Fuente Marchal, expres\u00f3 su preocupaci\u00f3n por la persistente situaci\u00f3n de inseguridad y deterioro en el Complejo Jesuita Cardiel, donde funcionan varias instituciones educativas provinciales. Lo hizo en di\u00e1logo con el periodista Jorge G\u00f3mez, en el programa Voces de la [&hellip;]<\/p>\n","protected":false},"author":3,"featured_media":117415,"comment_status":"open","ping_status":"open","sticky":false,"template":"","format":"standard","meta":{"footnotes":""},"categories":[3],"tags":[],"class_list":{"0":"post-117412","1":"post","2":"type-post","3":"status-publish","4":"format-standard","5":"has-post-thumbnail","7":"category-masnoticias"},"_links":{"self":[{"href":"https:\/\/primicias2262.com\/noticias\/wp-json\/wp\/v2\/posts\/117412","targetHints":{"allow":["GET"]}}],"collection":[{"href":"https:\/\/primicias2262.com\/noticias\/wp-json\/wp\/v2\/posts"}],"about":[{"href":"https:\/\/primicias2262.com\/noticias\/wp-json\/wp\/v2\/types\/post"}],"author":[{"embeddable":true,"href":"https:\/\/primicias2262.com\/noticias\/wp-json\/wp\/v2\/users\/3"}],"replies":[{"embeddable":true,"href":"https:\/\/primicias2262.com\/noticias\/wp-json\/wp\/v2\/comments?post=117412"}],"version-history":[{"count":1,"href":"https:\/\/primicias2262.com\/noticias\/wp-json\/wp\/v2\/posts\/117412\/revisions"}],"predecessor-version":[{"id":117416,"href":"https:\/\/primicias2262.com\/noticias\/wp-json\/wp\/v2\/posts\/117412\/revisions\/117416"}],"wp:featuredmedia":[{"embeddable":true,"href":"https:\/\/primicias2262.com\/noticias\/wp-json\/wp\/v2\/media\/117415"}],"wp:attachment":[{"href":"https:\/\/primicias2262.com\/noticias\/wp-json\/wp\/v2\/media?parent=117412"}],"wp:term":[{"taxonomy":"category","embeddable":true,"href":"https:\/\/primicias2262.com\/noticias\/wp-json\/wp\/v2\/categories?post=117412"},{"taxonomy":"post_tag","embeddable":true,"href":"https:\/\/primicias2262.com\/noticias\/wp-json\/wp\/v2\/tags?post=117412"}],"curies":[{"name":"wp","href":"https:\/\/api.w.org\/{rel}","templated":true}]}}