{"id":117423,"date":"2025-11-27T16:24:35","date_gmt":"2025-11-27T16:24:35","guid":{"rendered":"https:\/\/primicias2262.com\/noticias\/?p=117423"},"modified":"2025-11-27T16:24:35","modified_gmt":"2025-11-27T16:24:35","slug":"el-dr-adrian-duenas-puso-en-valor-el-sistema-publico-de-salud-de-necochea","status":"publish","type":"post","link":"https:\/\/primicias2262.com\/noticias\/el-dr-adrian-duenas-puso-en-valor-el-sistema-publico-de-salud-de-necochea\/","title":{"rendered":"El Dr. Adri\u00e1n Due\u00f1as puso en valor el sistema p\u00fablico de salud de Necochea"},"content":{"rendered":"<p><strong>El m\u00e9dico Adri\u00e1n Due\u00f1as, egresado de la Universidad Nacional de La Plata en 2003 y oriundo de Balcarce, resalt\u00f3 la importancia del sistema sanitario p\u00fablico local y analiz\u00f3 su compleja realidad durante una entrevista en el programa Voces de la Ciudad, que conduce el periodista Jorge G\u00f3mez por Estaci\u00f3n FREE FM 90.3. Due\u00f1as realiz\u00f3 su residencia en Medicina General en Necochea y ejerce en la ciudad desde 2004.<\/strong><\/p>\n<p>\u201cEstoy en Necochea desde hace m\u00e1s de veinte a\u00f1os y hoy tengo incluso m\u00e1s relaci\u00f3n con la comunidad local que con mi ciudad natal. Ac\u00e1 form\u00e9 mi vida, mi familia, y mis hijos Tom\u00e1s y Felicitas crecieron en esta ciudad\u201d, cont\u00f3 al recordar sus inicios.<\/p>\n<p>Al analizar el panorama actual, Due\u00f1as sostuvo que el sistema de salud est\u00e1 \u201ccomplicado en general en todos lados\u201d y que la pandemia de COVID-19 dej\u00f3 secuelas profundas en t\u00e9rminos operativos y estructurales. \u201cAl sistema le cost\u00f3 mucho reorganizarse despu\u00e9s de la pandemia. Yo estuve trabajando en el Hospital Ferreyra durante ese periodo, y creo que Necochea atraves\u00f3 ese momento de tragedia con una capacidad de contenci\u00f3n que, con el tiempo, se va a valorar a\u00fan m\u00e1s en comparaci\u00f3n con otras ciudades\u201d, expres\u00f3.<\/p>\n<p>El profesional destac\u00f3 una caracter\u00edstica particular del modelo argentino: la coexistencia de obras sociales, prepagas y el sistema p\u00fablico. \u201cArgentina tiene un sistema muy particular, con tres subsistemas que conviven y que no se observan en muchos pa\u00edses. Hace tiempo se intent\u00f3 avanzar hacia un sistema integral unificado, y creo que en alg\u00fan momento habr\u00e1 que volver a intentarlo\u201d, plante\u00f3.<\/p>\n<p>Sobre la situaci\u00f3n local, Due\u00f1as remarc\u00f3 el enorme esfuerzo presupuestario que demanda la salud p\u00fablica municipal. \u201cEn Necochea ten\u00e9s el Hospital Ferreyra, el de Quequ\u00e9n, el de Juan N. Fern\u00e1ndez y doce centros de salud. Mantener toda esa estructura requiere recursos humanos y econ\u00f3micos que hoy son dif\u00edciles de sostener\u201d, se\u00f1al\u00f3.<\/p>\n<p>En ese sentido, consider\u00f3 necesario replantear la organizaci\u00f3n de la red sanitaria: \u201cHay que pensar bien c\u00f3mo capitalizar la alta complejidad en un hospital y definir funciones en el otro. El Ferreyra podr\u00eda ser tranquilamente un hospital interzonal, pero \u00bfen qu\u00e9 provincia un gobernador se hace cargo de un hospital municipal?\u201d, cuestion\u00f3.<\/p>\n<p>Finalmente, Due\u00f1as enfatiz\u00f3 el rol esencial que cumple la salud p\u00fablica en Necochea frente a las dificultades del sector privado: \u201cEn la ciudad, si te pasa algo, vas al hospital. La cl\u00ednica tiene problemas econ\u00f3micos y es una instituci\u00f3n chica. El sistema p\u00fablico es el que sostiene la demanda real\u201d.<\/p>\n<p>El m\u00e9dico concluy\u00f3 que valorar, fortalecer y reorganizar la salud p\u00fablica es un desaf\u00edo impostergable para el futuro de la ciudad y la regi\u00f3n.<\/p>\n","protected":false},"excerpt":{"rendered":"<p>El m\u00e9dico Adri\u00e1n Due\u00f1as, egresado de la Universidad Nacional de La Plata en 2003 y oriundo de Balcarce, resalt\u00f3 la importancia del sistema sanitario p\u00fablico local y analiz\u00f3 su compleja realidad durante una entrevista en el programa Voces de la Ciudad, que conduce el periodista Jorge G\u00f3mez por Estaci\u00f3n FREE FM 90.3. Due\u00f1as realiz\u00f3 su [&hellip;]<\/p>\n","protected":false},"author":3,"featured_media":117426,"comment_status":"open","ping_status":"open","sticky":false,"template":"","format":"standard","meta":{"footnotes":""},"categories":[6],"tags":[],"class_list":{"0":"post-117423","1":"post","2":"type-post","3":"status-publish","4":"format-standard","5":"has-post-thumbnail","7":"category-portada2"},"_links":{"self":[{"href":"https:\/\/primicias2262.com\/noticias\/wp-json\/wp\/v2\/posts\/117423","targetHints":{"allow":["GET"]}}],"collection":[{"href":"https:\/\/primicias2262.com\/noticias\/wp-json\/wp\/v2\/posts"}],"about":[{"href":"https:\/\/primicias2262.com\/noticias\/wp-json\/wp\/v2\/types\/post"}],"author":[{"embeddable":true,"href":"https:\/\/primicias2262.com\/noticias\/wp-json\/wp\/v2\/users\/3"}],"replies":[{"embeddable":true,"href":"https:\/\/primicias2262.com\/noticias\/wp-json\/wp\/v2\/comments?post=117423"}],"version-history":[{"count":1,"href":"https:\/\/primicias2262.com\/noticias\/wp-json\/wp\/v2\/posts\/117423\/revisions"}],"predecessor-version":[{"id":117432,"href":"https:\/\/primicias2262.com\/noticias\/wp-json\/wp\/v2\/posts\/117423\/revisions\/117432"}],"wp:featuredmedia":[{"embeddable":true,"href":"https:\/\/primicias2262.com\/noticias\/wp-json\/wp\/v2\/media\/117426"}],"wp:attachment":[{"href":"https:\/\/primicias2262.com\/noticias\/wp-json\/wp\/v2\/media?parent=117423"}],"wp:term":[{"taxonomy":"category","embeddable":true,"href":"https:\/\/primicias2262.com\/noticias\/wp-json\/wp\/v2\/categories?post=117423"},{"taxonomy":"post_tag","embeddable":true,"href":"https:\/\/primicias2262.com\/noticias\/wp-json\/wp\/v2\/tags?post=117423"}],"curies":[{"name":"wp","href":"https:\/\/api.w.org\/{rel}","templated":true}]}}