{"id":117424,"date":"2025-11-27T16:21:51","date_gmt":"2025-11-27T16:21:51","guid":{"rendered":"https:\/\/primicias2262.com\/noticias\/?p=117424"},"modified":"2025-11-27T16:24:07","modified_gmt":"2025-11-27T16:24:07","slug":"hector-turco-llarias-presentara-su-libro-sobre-la-construccion-historica-de-juan-domingo-peron","status":"publish","type":"post","link":"https:\/\/primicias2262.com\/noticias\/hector-turco-llarias-presentara-su-libro-sobre-la-construccion-historica-de-juan-domingo-peron\/","title":{"rendered":"H\u00e9ctor \u201cTurco\u201d Llar\u00edas presentar\u00e1 su libro sobre la construcci\u00f3n hist\u00f3rica de Juan Domingo Per\u00f3n"},"content":{"rendered":"<p><strong>El referente peronista local, H\u00e9ctor Ismael \u201cTurco\u201d Llar\u00edas, presentar\u00e1 su nuevo libro titulado \u201cLa historia de c\u00f3mo Juancito Sosa se transform\u00f3 en Juan Domingo Per\u00f3n\u201d el pr\u00f3ximo mi\u00e9rcoles 3 de diciembre a las 18.30 en el Centro Cultural Biblioteca Popular Andr\u00e9s Ferreyra (CCBPAF). As\u00ed lo confirm\u00f3 en di\u00e1logo con el periodista Jorge G\u00f3mez en el programa Voces de la Ciudad, emitido por Estaci\u00f3n FREE FM 90.3.<\/strong><\/p>\n<p>Llar\u00edas describi\u00f3 esta publicaci\u00f3n como la concreci\u00f3n de \u201cuna vieja aspiraci\u00f3n que al final se cumple\u201d. A lo largo de su vida \u2014record\u00f3\u2014 siempre disfrut\u00f3 de escribir, pero esta obra naci\u00f3 de un pedido especial: \u201cSurge a ra\u00edz de la inquietud de una hija de mi se\u00f1ora, que me pide la historia de Per\u00f3n. Me gust\u00f3 el tema y, como tengo mucha bibliograf\u00eda, empec\u00e9 a trabajar\u201d.<\/p>\n<p><a href=\"https:\/\/primicias2262.com\/noticias\/wp-content\/uploads\/2025\/11\/WhatsApp-Image-2025-11-27-at-1.22.05-PM.jpeg\"><img loading=\"lazy\" decoding=\"async\" class=\"aligncenter size-full wp-image-117427\" src=\"https:\/\/primicias2262.com\/noticias\/wp-content\/uploads\/2025\/11\/WhatsApp-Image-2025-11-27-at-1.22.05-PM.jpeg\" alt=\"\" width=\"720\" height=\"1280\" srcset=\"https:\/\/primicias2262.com\/noticias\/wp-content\/uploads\/2025\/11\/WhatsApp-Image-2025-11-27-at-1.22.05-PM.jpeg 720w, https:\/\/primicias2262.com\/noticias\/wp-content\/uploads\/2025\/11\/WhatsApp-Image-2025-11-27-at-1.22.05-PM-169x300.jpeg 169w, https:\/\/primicias2262.com\/noticias\/wp-content\/uploads\/2025\/11\/WhatsApp-Image-2025-11-27-at-1.22.05-PM-576x1024.jpeg 576w, https:\/\/primicias2262.com\/noticias\/wp-content\/uploads\/2025\/11\/WhatsApp-Image-2025-11-27-at-1.22.05-PM-150x267.jpeg 150w, https:\/\/primicias2262.com\/noticias\/wp-content\/uploads\/2025\/11\/WhatsApp-Image-2025-11-27-at-1.22.05-PM-300x533.jpeg 300w, https:\/\/primicias2262.com\/noticias\/wp-content\/uploads\/2025\/11\/WhatsApp-Image-2025-11-27-at-1.22.05-PM-696x1237.jpeg 696w\" sizes=\"auto, (max-width: 720px) 100vw, 720px\" \/><\/a>Para elaborar el libro, Llar\u00edas consult\u00f3 cerca de 70 textos hist\u00f3ricos y repas\u00f3 d\u00e9cadas de militancia dentro del peronismo. \u201cHe participado en muchas cosas del movimiento, y lo que pretendo demostrar es que Per\u00f3n era un hombre com\u00fan, con defectos y virtudes, y con muchas facetas que la gente no conoce\u201d, explic\u00f3.<\/p>\n<p>Sobre la obra, enfatiz\u00f3 que se trata de un trabajo de investigaci\u00f3n \u201cminucioso\u201d y tambi\u00e9n del producto de \u201cun militante que abraz\u00f3 una causa toda su vida\u201d. La intenci\u00f3n del autor es ofrecer un relato accesible que acerque al lector a la dimensi\u00f3n m\u00e1s humana de Juan Domingo Per\u00f3n.<\/p>\n<p>Llar\u00edas eligi\u00f3 el Centro Cultural Biblioteca Popular Andr\u00e9s Ferreyra para la presentaci\u00f3n debido a su car\u00e1cter plural. \u201cAll\u00ed van muchos amigos que no son peronistas y me parece el lugar indicado para mostrar este trabajo\u201d, se\u00f1al\u00f3. De todos modos, adelant\u00f3 que m\u00e1s adelante planea realizar una presentaci\u00f3n en un espacio partidario.<\/p>\n<p>El encuentro del 3 de diciembre ser\u00e1 abierto al p\u00fablico y permitir\u00e1 al autor compartir el proceso de construcci\u00f3n del libro, intercambiar impresiones con los asistentes y poner en circulaci\u00f3n esta nueva obra que busca aportar a la comprensi\u00f3n hist\u00f3rica del l\u00edder del movimiento nacional justicialista.<\/p>\n","protected":false},"excerpt":{"rendered":"<p>El referente peronista local, H\u00e9ctor Ismael \u201cTurco\u201d Llar\u00edas, presentar\u00e1 su nuevo libro titulado \u201cLa historia de c\u00f3mo Juancito Sosa se transform\u00f3 en Juan Domingo Per\u00f3n\u201d el pr\u00f3ximo mi\u00e9rcoles 3 de diciembre a las 18.30 en el Centro Cultural Biblioteca Popular Andr\u00e9s Ferreyra (CCBPAF). As\u00ed lo confirm\u00f3 en di\u00e1logo con el periodista Jorge G\u00f3mez en el [&hellip;]<\/p>\n","protected":false},"author":3,"featured_media":113809,"comment_status":"open","ping_status":"open","sticky":false,"template":"","format":"standard","meta":{"footnotes":""},"categories":[5],"tags":[],"class_list":{"0":"post-117424","1":"post","2":"type-post","3":"status-publish","4":"format-standard","5":"has-post-thumbnail","7":"category-neco"},"_links":{"self":[{"href":"https:\/\/primicias2262.com\/noticias\/wp-json\/wp\/v2\/posts\/117424","targetHints":{"allow":["GET"]}}],"collection":[{"href":"https:\/\/primicias2262.com\/noticias\/wp-json\/wp\/v2\/posts"}],"about":[{"href":"https:\/\/primicias2262.com\/noticias\/wp-json\/wp\/v2\/types\/post"}],"author":[{"embeddable":true,"href":"https:\/\/primicias2262.com\/noticias\/wp-json\/wp\/v2\/users\/3"}],"replies":[{"embeddable":true,"href":"https:\/\/primicias2262.com\/noticias\/wp-json\/wp\/v2\/comments?post=117424"}],"version-history":[{"count":3,"href":"https:\/\/primicias2262.com\/noticias\/wp-json\/wp\/v2\/posts\/117424\/revisions"}],"predecessor-version":[{"id":117431,"href":"https:\/\/primicias2262.com\/noticias\/wp-json\/wp\/v2\/posts\/117424\/revisions\/117431"}],"wp:featuredmedia":[{"embeddable":true,"href":"https:\/\/primicias2262.com\/noticias\/wp-json\/wp\/v2\/media\/113809"}],"wp:attachment":[{"href":"https:\/\/primicias2262.com\/noticias\/wp-json\/wp\/v2\/media?parent=117424"}],"wp:term":[{"taxonomy":"category","embeddable":true,"href":"https:\/\/primicias2262.com\/noticias\/wp-json\/wp\/v2\/categories?post=117424"},{"taxonomy":"post_tag","embeddable":true,"href":"https:\/\/primicias2262.com\/noticias\/wp-json\/wp\/v2\/tags?post=117424"}],"curies":[{"name":"wp","href":"https:\/\/api.w.org\/{rel}","templated":true}]}}