{"id":117446,"date":"2025-12-01T16:51:55","date_gmt":"2025-12-01T16:51:55","guid":{"rendered":"https:\/\/primicias2262.com\/noticias\/?p=117446"},"modified":"2025-12-02T16:44:27","modified_gmt":"2025-12-02T16:44:27","slug":"astesano-destaco-el-crecimiento-del-sector-y-la-importancia-de-los-pequenos-proveedores-de-internet","status":"publish","type":"post","link":"https:\/\/primicias2262.com\/noticias\/astesano-destaco-el-crecimiento-del-sector-y-la-importancia-de-los-pequenos-proveedores-de-internet\/","title":{"rendered":"Astesano destac\u00f3 el crecimiento del sector y la importancia de los peque\u00f1os proveedores de internet"},"content":{"rendered":"<p>Pablo Astesano, de Astesano Inform\u00e1tica Air Fibra e integrante de la comisi\u00f3n directiva de la C\u00e1mara de Peque\u00f1os Proveedores de Internet, dialog\u00f3 en las \u00faltimas horas con el periodista Jorge G\u00f3mez en el programa Voces de la Ciudad, emitido por Estaci\u00f3n FREE 90.3 FM. All\u00ed comparti\u00f3 detalles sobre la actualidad del sector y el crecimiento de su empresa en Necochea y Quequ\u00e9n.<\/p>\n<p>Astesano adelant\u00f3 que participar\u00e1 de un importante evento anual que la C\u00e1mara llevar\u00e1 adelante en Costa Salguero, donde este a\u00f1o integrar\u00e1 la comisi\u00f3n directiva. \u201cPara m\u00ed es un orgullo muy grande. Que un representante de la ciudad est\u00e9 trabajando entre los cerca de 22 mil peque\u00f1os proveedores de internet que tiene la c\u00e1mara es muy bueno\u201d, afirm\u00f3.<\/p>\n<p>Record\u00f3 que el sector ha cambiado notablemente con el paso del tiempo: \u201cHace muchos a\u00f1os \u00e9ramos muy chicos y ahora, con el crecimiento, podemos ayudar a los colegas. Hay proveedores de internet de 50 personas y otros que tienen 70 mil; la c\u00e1mara nuclea a todos\u201d, destac\u00f3.<\/p>\n<p>En cuanto al rumbo de la industria, subray\u00f3 que la tecnolog\u00eda est\u00e1 evolucionando \u201ca pasos agigantados\u201d, especialmente con el avance de la inteligencia artificial. En ese sentido, revel\u00f3 que en Necochea la empresa ya implementa un bot de atenci\u00f3n desde hace dos a\u00f1os, lo que agiliza los procesos y mejora el servicio. Tambi\u00e9n remarc\u00f3 que el sector observa con atenci\u00f3n el desarrollo de Brasil, \u201cun pa\u00eds muy avanzado en la provisi\u00f3n de este tipo de servicios\u201d.<\/p>\n<p>Respecto al crecimiento de Air Fibra, Astesano explic\u00f3 que en 2025 el foco estar\u00e1 puesto especialmente en Quequ\u00e9n, con la intenci\u00f3n de llegar a sectores donde las grandes compa\u00f1\u00edas no suelen invertir. \u201cAs\u00ed hemos crecido mucho en los barrios. Estamos llegando a lugares nuevos y logramos entrar a muchos edificios\u201d, se\u00f1al\u00f3.<\/p>\n<p>Finalmente, destac\u00f3 la importancia de sostener la estructura empresarial en un mercado competitivo. \u201cLa competencia es fuerte, pero le damos pelea. Y tenemos el orgullo de contar con 40 empleados; son 40 familias que dependen de la empresa\u201d, concluy\u00f3.<\/p>\n","protected":false},"excerpt":{"rendered":"<p>Pablo Astesano, de Astesano Inform\u00e1tica Air Fibra e integrante de la comisi\u00f3n directiva de la C\u00e1mara de Peque\u00f1os Proveedores de Internet, dialog\u00f3 en las \u00faltimas horas con el periodista Jorge G\u00f3mez en el programa Voces de la Ciudad, emitido por Estaci\u00f3n FREE 90.3 FM. All\u00ed comparti\u00f3 detalles sobre la actualidad del sector y el crecimiento [&hellip;]<\/p>\n","protected":false},"author":3,"featured_media":117452,"comment_status":"open","ping_status":"open","sticky":false,"template":"","format":"standard","meta":{"footnotes":""},"categories":[3],"tags":[],"class_list":{"0":"post-117446","1":"post","2":"type-post","3":"status-publish","4":"format-standard","5":"has-post-thumbnail","7":"category-masnoticias"},"_links":{"self":[{"href":"https:\/\/primicias2262.com\/noticias\/wp-json\/wp\/v2\/posts\/117446","targetHints":{"allow":["GET"]}}],"collection":[{"href":"https:\/\/primicias2262.com\/noticias\/wp-json\/wp\/v2\/posts"}],"about":[{"href":"https:\/\/primicias2262.com\/noticias\/wp-json\/wp\/v2\/types\/post"}],"author":[{"embeddable":true,"href":"https:\/\/primicias2262.com\/noticias\/wp-json\/wp\/v2\/users\/3"}],"replies":[{"embeddable":true,"href":"https:\/\/primicias2262.com\/noticias\/wp-json\/wp\/v2\/comments?post=117446"}],"version-history":[{"count":2,"href":"https:\/\/primicias2262.com\/noticias\/wp-json\/wp\/v2\/posts\/117446\/revisions"}],"predecessor-version":[{"id":117489,"href":"https:\/\/primicias2262.com\/noticias\/wp-json\/wp\/v2\/posts\/117446\/revisions\/117489"}],"wp:featuredmedia":[{"embeddable":true,"href":"https:\/\/primicias2262.com\/noticias\/wp-json\/wp\/v2\/media\/117452"}],"wp:attachment":[{"href":"https:\/\/primicias2262.com\/noticias\/wp-json\/wp\/v2\/media?parent=117446"}],"wp:term":[{"taxonomy":"category","embeddable":true,"href":"https:\/\/primicias2262.com\/noticias\/wp-json\/wp\/v2\/categories?post=117446"},{"taxonomy":"post_tag","embeddable":true,"href":"https:\/\/primicias2262.com\/noticias\/wp-json\/wp\/v2\/tags?post=117446"}],"curies":[{"name":"wp","href":"https:\/\/api.w.org\/{rel}","templated":true}]}}