{"id":117449,"date":"2025-12-01T16:52:32","date_gmt":"2025-12-01T16:52:32","guid":{"rendered":"https:\/\/primicias2262.com\/noticias\/?p=117449"},"modified":"2025-12-02T16:44:15","modified_gmt":"2025-12-02T16:44:15","slug":"el-instituto-163-abrio-la-inscripcion-online-para-los-profesorados-del-ciclo-lectivo-2026","status":"publish","type":"post","link":"https:\/\/primicias2262.com\/noticias\/el-instituto-163-abrio-la-inscripcion-online-para-los-profesorados-del-ciclo-lectivo-2026\/","title":{"rendered":"El Instituto 163 abri\u00f3 la inscripci\u00f3n online para los profesorados del ciclo lectivo 2026"},"content":{"rendered":"<p>La vicedirectora del Instituto Superior de Formaci\u00f3n Docente N\u00ba 163, Marianela Carreras, anunci\u00f3 la apertura del per\u00edodo de inscripciones para las carreras terciarias que se dictar\u00e1n en el ciclo lectivo 2026, entre diciembre y febrero. La informaci\u00f3n fue brindada en di\u00e1logo con el periodista Jorge G\u00f3mez en el programa Voces de la Ciudad, por Estaci\u00f3n FREE 90.3 FM.<\/p>\n<p>Carreras detall\u00f3 que este a\u00f1o el proceso incorpora una novedad importante: las inscripciones ser\u00e1n totalmente online, dejando atr\u00e1s el hist\u00f3rico formato presencial. \u201cA partir de hoy, 1 de diciembre, ya comienzan las inscripciones. Hasta aqu\u00ed ven\u00edamos sosteniendo la modalidad presencial y ante cualquier duda las personas se acercaban al instituto, pero ahora iniciamos el sistema virtual\u201d, explic\u00f3.<\/p>\n<p>Los interesados deber\u00e1n ingresar al sitio web isfd163-bue.infd.edu.ar, donde encontrar\u00e1n el formulario correspondiente. Adem\u00e1s, el instituto habilit\u00f3 el tel\u00e9fono 2262-422113, disponible a partir de las 17.30 para consultas del nivel superior.<\/p>\n<p>Para 2026, el ISFD N\u00ba 163 mantiene su propuesta acad\u00e9mica completa, que incluye los profesorados de Matem\u00e1tica, Ingl\u00e9s, Lengua y Literatura, Biolog\u00eda, Historia y Geograf\u00eda. \u201cSon carreras libres y totalmente gratuitas\u201d, subray\u00f3 la vicedirectora.<\/p>\n<p>Entre los requisitos, Carreras remarc\u00f3 que no es indispensable haber finalizado el nivel secundario al momento de la inscripci\u00f3n. \u201cTenemos estudiantes que a\u00fan est\u00e1n en 6\u00ba a\u00f1o y adeudan materias, y aun as\u00ed pueden anotarse. El nivel superior les da tiempo para regularizar su situaci\u00f3n antes de quedar matriculados definitivamente\u201d, indic\u00f3.<\/p>\n<p>Cada profesorado est\u00e1 pensado con una duraci\u00f3n te\u00f3rica de cuatro a\u00f1os, aunque desde la instituci\u00f3n se acompa\u00f1a especialmente a quienes trabajan o tienen responsabilidades familiares. \u201cEntendemos que muchos de nuestros estudiantes comparten estudio con otras actividades, por eso es habitual que las trayectorias se extiendan un poco m\u00e1s, y es completamente normal\u201d, afirm\u00f3 Carreras.<\/p>\n<p>El ciclo lectivo comenzar\u00e1 a mediados de marzo y las clases se extender\u00e1n hasta fines de noviembre, seguido del per\u00edodo de ex\u00e1menes. Actualmente, el instituto cuenta con unos 400 estudiantes, n\u00famero que en algunos a\u00f1os llega a rondar los 500. \u201cLa salida laboral es casi autom\u00e1tica en todas las carreras, algunas m\u00e1s r\u00e1pido que otras, pero en general la inserci\u00f3n es muy buena\u201d, concluy\u00f3.<\/p>\n","protected":false},"excerpt":{"rendered":"<p>La vicedirectora del Instituto Superior de Formaci\u00f3n Docente N\u00ba 163, Marianela Carreras, anunci\u00f3 la apertura del per\u00edodo de inscripciones para las carreras terciarias que se dictar\u00e1n en el ciclo lectivo 2026, entre diciembre y febrero. La informaci\u00f3n fue brindada en di\u00e1logo con el periodista Jorge G\u00f3mez en el programa Voces de la Ciudad, por Estaci\u00f3n [&hellip;]<\/p>\n","protected":false},"author":3,"featured_media":117451,"comment_status":"open","ping_status":"open","sticky":false,"template":"","format":"standard","meta":{"footnotes":""},"categories":[3],"tags":[],"class_list":{"0":"post-117449","1":"post","2":"type-post","3":"status-publish","4":"format-standard","5":"has-post-thumbnail","7":"category-masnoticias"},"_links":{"self":[{"href":"https:\/\/primicias2262.com\/noticias\/wp-json\/wp\/v2\/posts\/117449","targetHints":{"allow":["GET"]}}],"collection":[{"href":"https:\/\/primicias2262.com\/noticias\/wp-json\/wp\/v2\/posts"}],"about":[{"href":"https:\/\/primicias2262.com\/noticias\/wp-json\/wp\/v2\/types\/post"}],"author":[{"embeddable":true,"href":"https:\/\/primicias2262.com\/noticias\/wp-json\/wp\/v2\/users\/3"}],"replies":[{"embeddable":true,"href":"https:\/\/primicias2262.com\/noticias\/wp-json\/wp\/v2\/comments?post=117449"}],"version-history":[{"count":2,"href":"https:\/\/primicias2262.com\/noticias\/wp-json\/wp\/v2\/posts\/117449\/revisions"}],"predecessor-version":[{"id":117487,"href":"https:\/\/primicias2262.com\/noticias\/wp-json\/wp\/v2\/posts\/117449\/revisions\/117487"}],"wp:featuredmedia":[{"embeddable":true,"href":"https:\/\/primicias2262.com\/noticias\/wp-json\/wp\/v2\/media\/117451"}],"wp:attachment":[{"href":"https:\/\/primicias2262.com\/noticias\/wp-json\/wp\/v2\/media?parent=117449"}],"wp:term":[{"taxonomy":"category","embeddable":true,"href":"https:\/\/primicias2262.com\/noticias\/wp-json\/wp\/v2\/categories?post=117449"},{"taxonomy":"post_tag","embeddable":true,"href":"https:\/\/primicias2262.com\/noticias\/wp-json\/wp\/v2\/tags?post=117449"}],"curies":[{"name":"wp","href":"https:\/\/api.w.org\/{rel}","templated":true}]}}