{"id":117460,"date":"2025-12-01T17:01:44","date_gmt":"2025-12-01T17:01:44","guid":{"rendered":"https:\/\/primicias2262.com\/noticias\/?p=117460"},"modified":"2025-12-01T17:01:44","modified_gmt":"2025-12-01T17:01:44","slug":"los-nietos-de-magoya-cerraron-una-inolvidable-edicion-del-aniversario-de-claraz","status":"publish","type":"post","link":"https:\/\/primicias2262.com\/noticias\/los-nietos-de-magoya-cerraron-una-inolvidable-edicion-del-aniversario-de-claraz\/","title":{"rendered":"Los Nietos de Magoya cerraron una inolvidable edici\u00f3n del Aniversario de Claraz"},"content":{"rendered":"<p><strong>El grupo musical fue el broche para la celebraci\u00f3n de los 116 a\u00f1os de la localidad al norte del distrito de Necochea.<\/strong><\/p>\n<p>El pasado s\u00e1bado, con la congregaci\u00f3n popular de su gente en el predio de las v\u00edas del ferrocarril, se desarrollaron los festejos por el 116\u00ba Aniversario de la localidad de Claraz.<\/p>\n<p><a href=\"https:\/\/primicias2262.com\/noticias\/wp-content\/uploads\/2025\/12\/WhatsApp-Image-2025-12-01-at-9.27.19-AM.jpeg\"><img loading=\"lazy\" decoding=\"async\" class=\"aligncenter size-full wp-image-117463\" src=\"https:\/\/primicias2262.com\/noticias\/wp-content\/uploads\/2025\/12\/WhatsApp-Image-2025-12-01-at-9.27.19-AM.jpeg\" alt=\"\" width=\"1600\" height=\"1200\" srcset=\"https:\/\/primicias2262.com\/noticias\/wp-content\/uploads\/2025\/12\/WhatsApp-Image-2025-12-01-at-9.27.19-AM.jpeg 1600w, https:\/\/primicias2262.com\/noticias\/wp-content\/uploads\/2025\/12\/WhatsApp-Image-2025-12-01-at-9.27.19-AM-300x225.jpeg 300w, https:\/\/primicias2262.com\/noticias\/wp-content\/uploads\/2025\/12\/WhatsApp-Image-2025-12-01-at-9.27.19-AM-1024x768.jpeg 1024w, https:\/\/primicias2262.com\/noticias\/wp-content\/uploads\/2025\/12\/WhatsApp-Image-2025-12-01-at-9.27.19-AM-768x576.jpeg 768w, https:\/\/primicias2262.com\/noticias\/wp-content\/uploads\/2025\/12\/WhatsApp-Image-2025-12-01-at-9.27.19-AM-1536x1152.jpeg 1536w, https:\/\/primicias2262.com\/noticias\/wp-content\/uploads\/2025\/12\/WhatsApp-Image-2025-12-01-at-9.27.19-AM-150x113.jpeg 150w, https:\/\/primicias2262.com\/noticias\/wp-content\/uploads\/2025\/12\/WhatsApp-Image-2025-12-01-at-9.27.19-AM-696x522.jpeg 696w, https:\/\/primicias2262.com\/noticias\/wp-content\/uploads\/2025\/12\/WhatsApp-Image-2025-12-01-at-9.27.19-AM-1068x801.jpeg 1068w\" sizes=\"auto, (max-width: 1600px) 100vw, 1600px\" \/><\/a>El acto protocolar fue encabezado por el intendente Arturo Rojas, quien acompa\u00f1\u00f3 al delegado municipal Facundo Iglesias y a toda la comunidad clarence en los festejos.<\/p>\n<p>Antes de los espect\u00e1culos, hubo corte de la torta, desfile c\u00edvico tradicionalista y reconocimiento a los vecinos m\u00e1s longevos del pueblo.<\/p>\n<p>En cuanto a la parte art\u00edstica, se cont\u00f3 con la actuaci\u00f3n de varios artistas locales reconocidos del distrito de Necochea, agrupaciones folcl\u00f3ricas <strong>y el gran cierre al ritmo de Los Nietos de Magoya<\/strong>, que le dieron un corolario ideal a una celebraci\u00f3n inolvidable para la gente de Claraz.<\/p>\n<p><a href=\"https:\/\/primicias2262.com\/noticias\/wp-content\/uploads\/2025\/12\/WhatsApp-Image-2025-12-01-at-9.27.19-AM1.jpeg\"><img loading=\"lazy\" decoding=\"async\" class=\"aligncenter size-full wp-image-117462\" src=\"https:\/\/primicias2262.com\/noticias\/wp-content\/uploads\/2025\/12\/WhatsApp-Image-2025-12-01-at-9.27.19-AM1.jpeg\" alt=\"\" width=\"1600\" height=\"1200\" srcset=\"https:\/\/primicias2262.com\/noticias\/wp-content\/uploads\/2025\/12\/WhatsApp-Image-2025-12-01-at-9.27.19-AM1.jpeg 1600w, https:\/\/primicias2262.com\/noticias\/wp-content\/uploads\/2025\/12\/WhatsApp-Image-2025-12-01-at-9.27.19-AM1-300x225.jpeg 300w, https:\/\/primicias2262.com\/noticias\/wp-content\/uploads\/2025\/12\/WhatsApp-Image-2025-12-01-at-9.27.19-AM1-1024x768.jpeg 1024w, https:\/\/primicias2262.com\/noticias\/wp-content\/uploads\/2025\/12\/WhatsApp-Image-2025-12-01-at-9.27.19-AM1-768x576.jpeg 768w, https:\/\/primicias2262.com\/noticias\/wp-content\/uploads\/2025\/12\/WhatsApp-Image-2025-12-01-at-9.27.19-AM1-1536x1152.jpeg 1536w, https:\/\/primicias2262.com\/noticias\/wp-content\/uploads\/2025\/12\/WhatsApp-Image-2025-12-01-at-9.27.19-AM1-150x113.jpeg 150w, https:\/\/primicias2262.com\/noticias\/wp-content\/uploads\/2025\/12\/WhatsApp-Image-2025-12-01-at-9.27.19-AM1-696x522.jpeg 696w, https:\/\/primicias2262.com\/noticias\/wp-content\/uploads\/2025\/12\/WhatsApp-Image-2025-12-01-at-9.27.19-AM1-1068x801.jpeg 1068w\" sizes=\"auto, (max-width: 1600px) 100vw, 1600px\" \/><\/a><\/p>\n","protected":false},"excerpt":{"rendered":"<p>El grupo musical fue el broche para la celebraci\u00f3n de los 116 a\u00f1os de la localidad al norte del distrito de Necochea. El pasado s\u00e1bado, con la congregaci\u00f3n popular de su gente en el predio de las v\u00edas del ferrocarril, se desarrollaron los festejos por el 116\u00ba Aniversario de la localidad de Claraz. El acto [&hellip;]<\/p>\n","protected":false},"author":3,"featured_media":117461,"comment_status":"open","ping_status":"open","sticky":false,"template":"","format":"standard","meta":{"footnotes":""},"categories":[5],"tags":[],"class_list":{"0":"post-117460","1":"post","2":"type-post","3":"status-publish","4":"format-standard","5":"has-post-thumbnail","7":"category-neco"},"_links":{"self":[{"href":"https:\/\/primicias2262.com\/noticias\/wp-json\/wp\/v2\/posts\/117460","targetHints":{"allow":["GET"]}}],"collection":[{"href":"https:\/\/primicias2262.com\/noticias\/wp-json\/wp\/v2\/posts"}],"about":[{"href":"https:\/\/primicias2262.com\/noticias\/wp-json\/wp\/v2\/types\/post"}],"author":[{"embeddable":true,"href":"https:\/\/primicias2262.com\/noticias\/wp-json\/wp\/v2\/users\/3"}],"replies":[{"embeddable":true,"href":"https:\/\/primicias2262.com\/noticias\/wp-json\/wp\/v2\/comments?post=117460"}],"version-history":[{"count":1,"href":"https:\/\/primicias2262.com\/noticias\/wp-json\/wp\/v2\/posts\/117460\/revisions"}],"predecessor-version":[{"id":117464,"href":"https:\/\/primicias2262.com\/noticias\/wp-json\/wp\/v2\/posts\/117460\/revisions\/117464"}],"wp:featuredmedia":[{"embeddable":true,"href":"https:\/\/primicias2262.com\/noticias\/wp-json\/wp\/v2\/media\/117461"}],"wp:attachment":[{"href":"https:\/\/primicias2262.com\/noticias\/wp-json\/wp\/v2\/media?parent=117460"}],"wp:term":[{"taxonomy":"category","embeddable":true,"href":"https:\/\/primicias2262.com\/noticias\/wp-json\/wp\/v2\/categories?post=117460"},{"taxonomy":"post_tag","embeddable":true,"href":"https:\/\/primicias2262.com\/noticias\/wp-json\/wp\/v2\/tags?post=117460"}],"curies":[{"name":"wp","href":"https:\/\/api.w.org\/{rel}","templated":true}]}}