{"id":117465,"date":"2025-12-01T23:54:20","date_gmt":"2025-12-01T23:54:20","guid":{"rendered":"https:\/\/primicias2262.com\/noticias\/?p=117465"},"modified":"2025-12-01T23:54:20","modified_gmt":"2025-12-01T23:54:20","slug":"alejandra-monteoliva-asume-este-martes-como-ministra-de-seguridad","status":"publish","type":"post","link":"https:\/\/primicias2262.com\/noticias\/alejandra-monteoliva-asume-este-martes-como-ministra-de-seguridad\/","title":{"rendered":"Alejandra Monteoliva asume este martes como ministra de Seguridad"},"content":{"rendered":"<p>La designada ministra de Seguridad,\u00a0<strong>Alejandra Monteoliva<\/strong>, asumir\u00e1 el cargo este martes en reemplazo de\u00a0<strong>Patricia Bullrich<\/strong>, quien ya jur\u00f3 como senadora de La Libertad Avanza (LLA).<\/p>\n<p>\u00abPresent\u00e9 mi renuncia a la Secretar\u00eda de Seguridad para asumir ma\u00f1ana como Ministra de Seguridad Nacional. Agradezco al presidente Javier Milei por la confianza y a Bullrich<br \/>\npor el liderazgo y el camino compartido\u00bb, expres\u00f3 Monteoliva en sus redes sociales.<\/p>\n<p>Para la funcionaria, la doctrina de Bullrich de \u201creglas claras, profesionalismo y presencia en el territorio marc\u00f3 un rumbo que vamos a sostener y fortalecer\u201d.<\/p>\n<p>\u201cAsumo esta nueva responsabilidad con compromiso, continuidad y vocaci\u00f3n de servicio\u201d, cerr\u00f3.<\/p>\n<p>Como inform\u00f3 la\u00a0<a href=\"https:\/\/es.wikipedia.org\/wiki\/Noticias_Argentinas\" target=\"_blank\" rel=\"noopener nofollow\"><strong>Agencia Noticias Argentinas<\/strong><\/a>, el jefe de Gabinete,\u00a0<a href=\"https:\/\/noticiasargentinas.com\/politica\/adorni-agradecio-a-bullrich-por--el-orden-en-las-calles--que-deja-su-gestion-en-seguridad_a692dc7ff76ccfa9991e30417\"><strong>Manuel Adorni<\/strong>, agradeci\u00f3 la gesti\u00f3n de la saliente de Bullrich<\/a>, quien asumir\u00e1 esta semana como senadora nacional.\u00a0<a href=\"https:\/\/noticiasargentinas.com\/-agenciana_t6916e70a4551e78eb9423f59\">#AgenciaNA<\/a><\/p>\n","protected":false},"excerpt":{"rendered":"<p>La designada ministra de Seguridad,\u00a0Alejandra Monteoliva, asumir\u00e1 el cargo este martes en reemplazo de\u00a0Patricia Bullrich, quien ya jur\u00f3 como senadora de La Libertad Avanza (LLA). \u00abPresent\u00e9 mi renuncia a la Secretar\u00eda de Seguridad para asumir ma\u00f1ana como Ministra de Seguridad Nacional. Agradezco al presidente Javier Milei por la confianza y a Bullrich por el liderazgo [&hellip;]<\/p>\n","protected":false},"author":3,"featured_media":117466,"comment_status":"open","ping_status":"open","sticky":false,"template":"","format":"standard","meta":{"footnotes":""},"categories":[7],"tags":[],"class_list":{"0":"post-117465","1":"post","2":"type-post","3":"status-publish","4":"format-standard","5":"has-post-thumbnail","7":"category-nac"},"_links":{"self":[{"href":"https:\/\/primicias2262.com\/noticias\/wp-json\/wp\/v2\/posts\/117465","targetHints":{"allow":["GET"]}}],"collection":[{"href":"https:\/\/primicias2262.com\/noticias\/wp-json\/wp\/v2\/posts"}],"about":[{"href":"https:\/\/primicias2262.com\/noticias\/wp-json\/wp\/v2\/types\/post"}],"author":[{"embeddable":true,"href":"https:\/\/primicias2262.com\/noticias\/wp-json\/wp\/v2\/users\/3"}],"replies":[{"embeddable":true,"href":"https:\/\/primicias2262.com\/noticias\/wp-json\/wp\/v2\/comments?post=117465"}],"version-history":[{"count":1,"href":"https:\/\/primicias2262.com\/noticias\/wp-json\/wp\/v2\/posts\/117465\/revisions"}],"predecessor-version":[{"id":117467,"href":"https:\/\/primicias2262.com\/noticias\/wp-json\/wp\/v2\/posts\/117465\/revisions\/117467"}],"wp:featuredmedia":[{"embeddable":true,"href":"https:\/\/primicias2262.com\/noticias\/wp-json\/wp\/v2\/media\/117466"}],"wp:attachment":[{"href":"https:\/\/primicias2262.com\/noticias\/wp-json\/wp\/v2\/media?parent=117465"}],"wp:term":[{"taxonomy":"category","embeddable":true,"href":"https:\/\/primicias2262.com\/noticias\/wp-json\/wp\/v2\/categories?post=117465"},{"taxonomy":"post_tag","embeddable":true,"href":"https:\/\/primicias2262.com\/noticias\/wp-json\/wp\/v2\/tags?post=117465"}],"curies":[{"name":"wp","href":"https:\/\/api.w.org\/{rel}","templated":true}]}}