{"id":117498,"date":"2025-12-02T22:40:07","date_gmt":"2025-12-02T22:40:07","guid":{"rendered":"https:\/\/primicias2262.com\/noticias\/?p=117498"},"modified":"2025-12-02T22:40:07","modified_gmt":"2025-12-02T22:40:07","slug":"diputados-la-libertad-avanza-le-arrebata-al-peronismo-la-primera-minoria-en-la-vispera-a-la-sesion-preparatoria","status":"publish","type":"post","link":"https:\/\/primicias2262.com\/noticias\/diputados-la-libertad-avanza-le-arrebata-al-peronismo-la-primera-minoria-en-la-vispera-a-la-sesion-preparatoria\/","title":{"rendered":"Diputados: La Libertad Avanza le arrebata al peronismo la primera minor\u00eda en la v\u00edspera a la sesi\u00f3n preparatoria"},"content":{"rendered":"<p>Despu\u00e9s de mucha \u201crosca\u201d y de remar desde atr\u00e1s,\u00a0<strong>La Libertad Avanza<\/strong>\u00a0logr\u00f3 este martes remontar la cuenta y superar a Uni\u00f3n por la Patria (UxP) en n\u00famero de diputados nacionales, por lo que luego de que el mi\u00e9rcoles a las 13<strong>\u00a0juren los 127 representantes electos<\/strong>\u00a0en la sesi\u00f3n preparatoria,\u00a0<strong>el oficialismo har\u00e1 gala de su nueva condici\u00f3n de primera minor\u00eda.<\/strong><\/p>\n<p>Esta conquista le permitir\u00e1 no solamente reelegir con comodidad al presidente de la C\u00e1mara baja,\u00a0<strong>Mart\u00edn Menem,\u00a0<\/strong>quien logr\u00f3 afianzarse internamente luego de la victoria electoral de octubre, sino adem\u00e1s designar al vicepresidente primero, que estaba en manos de la massista\u00a0<strong>Cecilia Moreau\u00a0<\/strong>(Uni\u00f3n por la Patria),<strong>\u00a0y\u00a0<\/strong>quien quedar\u00eda degradada a vicepresidenta segunda.<\/p>\n<p>De esta manera, el riojano podr\u00e1 recostarse en un ladero de su confianza cuando necesite descansar durante las sesiones y evitar cisnes negros inoportunos que le costaron m\u00e1s de un dolor de cabeza en el pasado reciente.<\/p>\n<p>Quien sonaba para vicepresidente primero era el mendocino\u00a0<strong>Luis Petri,<\/strong>\u00a0pero alt\u00edsimas fuentes del oficialismo en Diputados a las que la\u00a0<a href=\"https:\/\/es.wikipedia.org\/wiki\/Noticias_Argentinas\" target=\"_blank\" rel=\"noopener nofollow\">Agencia Noticias Argentinas\u00a0<\/a>tuvo acceso se\u00f1alaron que el saliente ministro de Defensa n<strong>o ser\u00eda el elegido porque reci\u00e9n abandonar\u00e1 su cargo en el Gabinete un par de d\u00edas despu\u00e9s de la sesi\u00f3n preparatoria<\/strong>.<\/p>\n<p>Para la vicepresidencia tercera se libraba hasta altas horas de la noche una sorda disputa entre tres nuevos interbloques que tomar\u00e1n forma a partir del 10 de diciembre:\u00a0<strong>Provincias Unidas,<\/strong>\u00a0el armado de un segundo grupo de\u00a0<strong>gobernadores del Norte Grande<\/strong>\u00a0y la casi segura alianza entre el\u00a0<strong>PRO y la UCR.<\/strong><\/p>\n<p>M\u00e1s all\u00e1 de la renovaci\u00f3n de autoridades,<strong>\u00a0el tama\u00f1o final de los bloques y de los interbloques es fundamental porque determinar\u00e1 la cantidad de representantes que cada espacio pol\u00edtico podr\u00e1 contar en cada una de las comisiones<\/strong>.<\/p>\n<h2>C\u00f3mo sigue<\/h2>\n<p><strong>Al capturar la primera minor\u00eda, La Libertad Avanza se garantizar\u00e1 un integrante m\u00e1s que Uni\u00f3n por la Patria en cada una de las comisiones, lo que le permitir\u00e1 tener un mayor control pol\u00edtico sobre la oposici\u00f3n que el que tuvo durante el 2024 y lo que va de este a\u00f1o.<\/strong><\/p>\n<p>Conforme a la distribuci\u00f3n de los bloques e interbloques,<strong>\u00a0las comisiones tendr\u00e1n un fuerte componente bipartidista<\/strong>, y quedar\u00e1n muy pocos lugares por fuera de la polarizaci\u00f3n para las fuerzas del medio.<\/p>\n<p><strong>Provincias Unidas<\/strong>\u00a0(con el impulso de los gobernadores de Santa Fe, C\u00f3rdoba y Chubut) se encaminaba a reunir una veintena de legisladores sumando los resabios de Encuentro Federal (el bloque que condujo\u00a0<strong>Miguel Pichetto)<\/strong>, los radicales d\u00edscolos que se agrupaban en<strong>\u00a0Democracia para Siempre,\u00a0<\/strong>y la\u00a0<strong>Coalici\u00f3n C\u00edvica<\/strong>\u00a0de\u00a0<strong>Elisa Carri\u00f3<\/strong>.<\/p>\n","protected":false},"excerpt":{"rendered":"<p>Despu\u00e9s de mucha \u201crosca\u201d y de remar desde atr\u00e1s,\u00a0La Libertad Avanza\u00a0logr\u00f3 este martes remontar la cuenta y superar a Uni\u00f3n por la Patria (UxP) en n\u00famero de diputados nacionales, por lo que luego de que el mi\u00e9rcoles a las 13\u00a0juren los 127 representantes electos\u00a0en la sesi\u00f3n preparatoria,\u00a0el oficialismo har\u00e1 gala de su nueva condici\u00f3n de [&hellip;]<\/p>\n","protected":false},"author":3,"featured_media":117499,"comment_status":"open","ping_status":"open","sticky":false,"template":"","format":"standard","meta":{"footnotes":""},"categories":[7],"tags":[],"class_list":{"0":"post-117498","1":"post","2":"type-post","3":"status-publish","4":"format-standard","5":"has-post-thumbnail","7":"category-nac"},"_links":{"self":[{"href":"https:\/\/primicias2262.com\/noticias\/wp-json\/wp\/v2\/posts\/117498","targetHints":{"allow":["GET"]}}],"collection":[{"href":"https:\/\/primicias2262.com\/noticias\/wp-json\/wp\/v2\/posts"}],"about":[{"href":"https:\/\/primicias2262.com\/noticias\/wp-json\/wp\/v2\/types\/post"}],"author":[{"embeddable":true,"href":"https:\/\/primicias2262.com\/noticias\/wp-json\/wp\/v2\/users\/3"}],"replies":[{"embeddable":true,"href":"https:\/\/primicias2262.com\/noticias\/wp-json\/wp\/v2\/comments?post=117498"}],"version-history":[{"count":1,"href":"https:\/\/primicias2262.com\/noticias\/wp-json\/wp\/v2\/posts\/117498\/revisions"}],"predecessor-version":[{"id":117500,"href":"https:\/\/primicias2262.com\/noticias\/wp-json\/wp\/v2\/posts\/117498\/revisions\/117500"}],"wp:featuredmedia":[{"embeddable":true,"href":"https:\/\/primicias2262.com\/noticias\/wp-json\/wp\/v2\/media\/117499"}],"wp:attachment":[{"href":"https:\/\/primicias2262.com\/noticias\/wp-json\/wp\/v2\/media?parent=117498"}],"wp:term":[{"taxonomy":"category","embeddable":true,"href":"https:\/\/primicias2262.com\/noticias\/wp-json\/wp\/v2\/categories?post=117498"},{"taxonomy":"post_tag","embeddable":true,"href":"https:\/\/primicias2262.com\/noticias\/wp-json\/wp\/v2\/tags?post=117498"}],"curies":[{"name":"wp","href":"https:\/\/api.w.org\/{rel}","templated":true}]}}