{"id":117501,"date":"2025-12-02T22:42:19","date_gmt":"2025-12-02T22:42:19","guid":{"rendered":"https:\/\/primicias2262.com\/noticias\/?p=117501"},"modified":"2025-12-02T22:42:19","modified_gmt":"2025-12-02T22:42:19","slug":"caso-maradona-se-ratifico-la-fecha-del-juicio-y-habra-mas-de-100-testigos","status":"publish","type":"post","link":"https:\/\/primicias2262.com\/noticias\/caso-maradona-se-ratifico-la-fecha-del-juicio-y-habra-mas-de-100-testigos\/","title":{"rendered":"Caso Maradona: se ratific\u00f3 la fecha del juicio y habr\u00e1 m\u00e1s de 100 testigos"},"content":{"rendered":"<p>El Tribunal Oral en lo Criminal N\u00b07 de San Isidro\u00a0<strong>ratific\u00f3 el comienzo del juicio por la muerte de\u00a0<\/strong><a href=\"https:\/\/noticiasargentinas.com\/sociedad\/nueva-audiencia-preliminar-en-el-caso-maradona--las-partes-trataran-las-pruebas_a692dcb5076ccfa9991e35242\"><strong>Diego Armando Maradona para el 17 de marzo de 2026<\/strong><\/a>\u00a0y l<strong>as partes acordaron una lista de 120 testigos que declarar\u00e1n en el proceso.<\/strong><\/p>\n<p>La audiencia preliminar inici\u00f3 a las 10:30 en los Tribunales de la calle Ituzaing\u00f3 340, donde asistieron<strong>\u00a0Dalma, Gianinna y Jana\u00a0<\/strong>(tres de las hijas de la v\u00edctima), los representantes de la querella, los fiscales y los abogados de los imputados.<\/p>\n<p>Seg\u00fan informaron fuentes del caso a la\u00a0<a href=\"https:\/\/es.wikipedia.org\/wiki\/Noticias_Argentinas\" target=\"_blank\" rel=\"noopener nofollow\"><strong>Agencia Noticias Argentinas<\/strong><\/a>,\u00a0<strong>Francisco Oneto,\u00a0<\/strong>uno de los<strong>\u00a0<\/strong>defensores del neurocirujano\u00a0<strong>Leopoldo Luque<\/strong>, plante\u00f3 la nulidad del debate, mientras que\u00a0<strong>Vadim Mischanchuk\u00a0<\/strong>(defensor de la psiquiatra\u00a0<strong>Agustina Cosachov<\/strong>) tambi\u00e9n present\u00f3 un recurso similar.<\/p>\n<p>Sin embargo, luego de un cuarto intermedio,<strong>\u00a0los jueces Alberto Ortolani, Alberto Gaig y Pablo Rol\u00f3n desestimaron los pedidos y las partes debatieron la prueba.<\/strong><\/p>\n<p>En este contexto,\u00a0<strong>todos alcanzaron un acuerdo para que un total de 120 personas (90 de la acusaci\u00f3n y 30 de la defensa) presten declaraci\u00f3n testimonial<\/strong>\u00a0a lo largo del debate oral y p\u00fablico por el presunto homicidio simple con dolo eventual de Maradona.<\/p>\n<p>A su vez,\u00a0<strong>las audiencias se realizar\u00e1n los martes, mi\u00e9rcoles y jueves de 10 a 17.<\/strong><\/p>\n<p title=\"La3ASg\" data-ipspy=\"La3ASg\">Una de las fuentes consultadas por\u00a0<i>NA<\/i>\u00a0consign\u00f3:\u00a0<i><strong>\u201cSe dej\u00f3 constancia para el momento de la sentencia. Va a ser un juicio muy dif\u00edcil porque las defensas van a plantear muchas cuestiones para tratar de generar nulidades\u201d.<\/strong><\/i><span data-nosnippet=\"\">La3ASg<\/span><\/p>\n<p>El juicio empezar\u00e1 el 17 de marzo de 2026 y se buscar\u00e1n determinar las supuestas responsabilidades de\u00a0<strong>Luque, Cosachov<\/strong>; el psic\u00f3logo\u00a0<strong>Carlos D\u00edaz<\/strong>; el m\u00e9dico cl\u00ednico\u00a0<strong>Pedro Di Spagna<\/strong>; el enfermero\u00a0<strong>Ricardo Almir\u00f3n<\/strong>; su jefe,\u00a0<strong>Mariano Perroni<\/strong>, y\u00a0<strong>Nancy Edith Forlini<\/strong>, la m\u00e9dica de Swiss Medical que coordinaba la internaci\u00f3n domiciliaria del ex jugador de Boca y Barcelona en Tigre, donde falleci\u00f3 el 25 de noviembre de 2020.<\/p>\n<p>&nbsp;<\/p>\n","protected":false},"excerpt":{"rendered":"<p>El Tribunal Oral en lo Criminal N\u00b07 de San Isidro\u00a0ratific\u00f3 el comienzo del juicio por la muerte de\u00a0Diego Armando Maradona para el 17 de marzo de 2026\u00a0y las partes acordaron una lista de 120 testigos que declarar\u00e1n en el proceso. La audiencia preliminar inici\u00f3 a las 10:30 en los Tribunales de la calle Ituzaing\u00f3 340, [&hellip;]<\/p>\n","protected":false},"author":3,"featured_media":113433,"comment_status":"open","ping_status":"open","sticky":false,"template":"","format":"standard","meta":{"footnotes":""},"categories":[1],"tags":[],"class_list":{"0":"post-117501","1":"post","2":"type-post","3":"status-publish","4":"format-standard","5":"has-post-thumbnail","7":"category-sin-categoria"},"_links":{"self":[{"href":"https:\/\/primicias2262.com\/noticias\/wp-json\/wp\/v2\/posts\/117501","targetHints":{"allow":["GET"]}}],"collection":[{"href":"https:\/\/primicias2262.com\/noticias\/wp-json\/wp\/v2\/posts"}],"about":[{"href":"https:\/\/primicias2262.com\/noticias\/wp-json\/wp\/v2\/types\/post"}],"author":[{"embeddable":true,"href":"https:\/\/primicias2262.com\/noticias\/wp-json\/wp\/v2\/users\/3"}],"replies":[{"embeddable":true,"href":"https:\/\/primicias2262.com\/noticias\/wp-json\/wp\/v2\/comments?post=117501"}],"version-history":[{"count":1,"href":"https:\/\/primicias2262.com\/noticias\/wp-json\/wp\/v2\/posts\/117501\/revisions"}],"predecessor-version":[{"id":117502,"href":"https:\/\/primicias2262.com\/noticias\/wp-json\/wp\/v2\/posts\/117501\/revisions\/117502"}],"wp:featuredmedia":[{"embeddable":true,"href":"https:\/\/primicias2262.com\/noticias\/wp-json\/wp\/v2\/media\/113433"}],"wp:attachment":[{"href":"https:\/\/primicias2262.com\/noticias\/wp-json\/wp\/v2\/media?parent=117501"}],"wp:term":[{"taxonomy":"category","embeddable":true,"href":"https:\/\/primicias2262.com\/noticias\/wp-json\/wp\/v2\/categories?post=117501"},{"taxonomy":"post_tag","embeddable":true,"href":"https:\/\/primicias2262.com\/noticias\/wp-json\/wp\/v2\/tags?post=117501"}],"curies":[{"name":"wp","href":"https:\/\/api.w.org\/{rel}","templated":true}]}}