{"id":117506,"date":"2025-12-03T17:10:24","date_gmt":"2025-12-03T17:10:24","guid":{"rendered":"https:\/\/primicias2262.com\/noticias\/?p=117506"},"modified":"2025-12-04T21:54:37","modified_gmt":"2025-12-04T21:54:37","slug":"faraminan-explico-sobre-ojos-en-alerta-y-resalto-que-es-la-empatia-por-el-otro","status":"publish","type":"post","link":"https:\/\/primicias2262.com\/noticias\/faraminan-explico-sobre-ojos-en-alerta-y-resalto-que-es-la-empatia-por-el-otro\/","title":{"rendered":"Farami\u00f1\u00e1n explic\u00f3 sobre Ojos en Alerta y resalt\u00f3 que \u201ces la empat\u00eda por el otro\u201d"},"content":{"rendered":"<p>La secretaria de Gobierno, Paula Farami\u00f1\u00e1n, se refiri\u00f3 a las nuevas capacitaciones que viene brindando la Municipalidad sobre el programa Ojos en Alerta, una herramienta destinada a fortalecer la prevenci\u00f3n ciudadana. En di\u00e1logo con el periodista Jorge G\u00f3mez, en el marco del programa Voces de la Ciudad que se emite por Estaci\u00f3n FREE, 90.3 en FM, detall\u00f3 que la semana anterior la formaci\u00f3n estuvo dirigida a remiseros, taxistas y choferes de colectivos, mientras que en esta nueva etapa alcanzar\u00e1 a hoteleros, gastron\u00f3micos y emprendedores.<\/p>\n<p>Farami\u00f1\u00e1n anunci\u00f3 adem\u00e1s que la pr\u00f3xima semana se realizar\u00e1 un encuentro en el Barrio 9 de Julio con asociaciones vecinales. \u201cOjos en Alerta tiene que ser entendido como un programa de prevenci\u00f3n. Est\u00e1 a cargo del municipio y tambi\u00e9n del vecino\u201d, subray\u00f3.<\/p>\n<p>La funcionaria explic\u00f3 que, si bien la herramienta se visualiza como una aplicaci\u00f3n en el tel\u00e9fono, no se trata de una app tradicional ni implica ning\u00fan costo. \u201cSe ingresa por la aplicaci\u00f3n y vas directo a la l\u00ednea de WhatsApp, como para poder mandar un mensaje, un video o simplemente la ubicaci\u00f3n. Estas son cuestiones que se explican en la capacitaci\u00f3n, porque tiene que ser un sistema r\u00e1pido\u201d, indic\u00f3, y remarc\u00f3 que no se descarga ninguna aplicaci\u00f3n, sino que el municipio facilita el acceso a trav\u00e9s de un c\u00f3digo QR.<\/p>\n<p>Farami\u00f1\u00e1n precis\u00f3 que la herramienta sirve para denunciar actitudes sospechosas o incidentes en la v\u00eda p\u00fablica, entre otros hechos, pero aclar\u00f3 que no reemplaza al 147 ni al 911. \u201cSi el vecino tiene alg\u00fan problema con ca\u00f1os de agua o poda de \u00e1rboles, no debe dirigirse a este programa, sino al 147. Y si es un tema policial donde el delito ya se concret\u00f3 y hay que intervenir, es al 911. Ojos en Alerta es prevenci\u00f3n. Est\u00e1 para poder hablar con nosotros como Estado y que podamos enviar recursos antes de que la cosa suceda. Si despu\u00e9s no pasa nada, espectacular, porque esa es la idea\u201d, explic\u00f3.<\/p>\n<p>En ese sentido, la secretaria de Gobierno destac\u00f3 el aspecto social y solidario del programa: \u201cMe parece muy interesante poder visualizar Ojos en Alerta desde otro lugar, que es la empat\u00eda por el otro. Muchas veces est\u00e1s ocupado en lo tuyo pero ves una actitud sospechosa que puede perjudicar a otra persona, y te hac\u00e9s cargo del asunto, en vez de delegarlo\u201d.<\/p>\n<p>Por \u00faltimo, record\u00f3 que las primeras capacitaciones estuvieron dirigidas a sectores que recorren la ciudad diariamente. \u201cComenzamos con taxistas, remiseros y colectiveros, porque son quienes est\u00e1n en la calle, al igual que los comerciantes que abren todos los d\u00edas y ven los movimientos\u201d, se\u00f1al\u00f3, y explic\u00f3 que la parte operativa del programa est\u00e1 a cargo del COM (Centro Operativo de Monitoreo). \u201cEs un programa transversal que no tiene que ver solo con la Secretar\u00eda de Gobierno, sino con todo el municipio\u201d, concluy\u00f3.<\/p>\n","protected":false},"excerpt":{"rendered":"<p>La secretaria de Gobierno, Paula Farami\u00f1\u00e1n, se refiri\u00f3 a las nuevas capacitaciones que viene brindando la Municipalidad sobre el programa Ojos en Alerta, una herramienta destinada a fortalecer la prevenci\u00f3n ciudadana. En di\u00e1logo con el periodista Jorge G\u00f3mez, en el marco del programa Voces de la Ciudad que se emite por Estaci\u00f3n FREE, 90.3 en [&hellip;]<\/p>\n","protected":false},"author":3,"featured_media":117137,"comment_status":"open","ping_status":"open","sticky":false,"template":"","format":"standard","meta":{"footnotes":""},"categories":[3],"tags":[],"class_list":{"0":"post-117506","1":"post","2":"type-post","3":"status-publish","4":"format-standard","5":"has-post-thumbnail","7":"category-masnoticias"},"_links":{"self":[{"href":"https:\/\/primicias2262.com\/noticias\/wp-json\/wp\/v2\/posts\/117506","targetHints":{"allow":["GET"]}}],"collection":[{"href":"https:\/\/primicias2262.com\/noticias\/wp-json\/wp\/v2\/posts"}],"about":[{"href":"https:\/\/primicias2262.com\/noticias\/wp-json\/wp\/v2\/types\/post"}],"author":[{"embeddable":true,"href":"https:\/\/primicias2262.com\/noticias\/wp-json\/wp\/v2\/users\/3"}],"replies":[{"embeddable":true,"href":"https:\/\/primicias2262.com\/noticias\/wp-json\/wp\/v2\/comments?post=117506"}],"version-history":[{"count":1,"href":"https:\/\/primicias2262.com\/noticias\/wp-json\/wp\/v2\/posts\/117506\/revisions"}],"predecessor-version":[{"id":117507,"href":"https:\/\/primicias2262.com\/noticias\/wp-json\/wp\/v2\/posts\/117506\/revisions\/117507"}],"wp:featuredmedia":[{"embeddable":true,"href":"https:\/\/primicias2262.com\/noticias\/wp-json\/wp\/v2\/media\/117137"}],"wp:attachment":[{"href":"https:\/\/primicias2262.com\/noticias\/wp-json\/wp\/v2\/media?parent=117506"}],"wp:term":[{"taxonomy":"category","embeddable":true,"href":"https:\/\/primicias2262.com\/noticias\/wp-json\/wp\/v2\/categories?post=117506"},{"taxonomy":"post_tag","embeddable":true,"href":"https:\/\/primicias2262.com\/noticias\/wp-json\/wp\/v2\/tags?post=117506"}],"curies":[{"name":"wp","href":"https:\/\/api.w.org\/{rel}","templated":true}]}}