{"id":117508,"date":"2025-12-03T17:15:20","date_gmt":"2025-12-03T17:15:20","guid":{"rendered":"https:\/\/primicias2262.com\/noticias\/?p=117508"},"modified":"2025-12-04T21:53:59","modified_gmt":"2025-12-04T21:53:59","slug":"la-usina-popular-cooperativa-cierra-un-ano-positivo-y-avanza-con-la-repotenciacion-electrica-de-quequen","status":"publish","type":"post","link":"https:\/\/primicias2262.com\/noticias\/la-usina-popular-cooperativa-cierra-un-ano-positivo-y-avanza-con-la-repotenciacion-electrica-de-quequen\/","title":{"rendered":"La Usina Popular Cooperativa cierra un a\u00f1o positivo y avanza con la repotenciaci\u00f3n el\u00e9ctrica de Quequ\u00e9n"},"content":{"rendered":"<p>El presidente del Consejo de Administraci\u00f3n de la Usina Popular Cooperativa, C\u00e9sar Arrieta, hizo un balance del 2025 y destac\u00f3 que la instituci\u00f3n atraviesa \u201cun buen a\u00f1o\u201d en materia econ\u00f3mica, administrativa y operativa. En di\u00e1logo con el periodista Jorge G\u00f3mez, durante el programa Voces de la Ciudad que se emite por Estaci\u00f3n FREE, 90.3 en FM, sostuvo que la cooperativa \u201cha tenido un buen a\u00f1o, nos han dado tarifa y hemos podido recuperar poder adquisitivo para saldar deudas y estabilizar convenios\u201d.<\/p>\n<p>Arrieta remarc\u00f3 que, particularmente en el \u00e1rea el\u00e9ctrica, se registr\u00f3 un super\u00e1vit importante, mientras que el servicio de internet logr\u00f3 estabilizarse y la Usina contin\u00faa \u201cachicando bastante la deuda de servicios sociales\u201d. \u201cHa sido un buen a\u00f1o, cumpliendo con las partes que tenemos convenios\u201d, asegur\u00f3.<\/p>\n<p>En cuanto a la situaci\u00f3n financiera general, inform\u00f3 que la cooperativa viene cumpliendo con los compromisos asumidos con CAMMESA desde hace casi un a\u00f1o. \u201cHay un atraso de la \u00e9poca de la pandemia que tendremos que empezar a pagar entre junio y julio del 2026\u201d, detall\u00f3.<\/p>\n<p>En paralelo, la Usina avanza con importantes inversiones en equipamiento e infraestructura. \u201cEstamos con equipos nuevos, comprando camionetas, y hemos adquirido los cables para la repotenciaci\u00f3n de Quequ\u00e9n, cuya obra ya fue adjudicada\u201d, anunci\u00f3 Arrieta. Explic\u00f3 que los trabajos civiles comenzar\u00e1n en diciembre y tendr\u00e1n un plazo de ejecuci\u00f3n de dos a\u00f1os, generando adem\u00e1s fuentes de trabajo.<\/p>\n<p>La obra permitir\u00e1 cuadruplicar la potencia disponible, pasando de 15 a 60 megas. \u201cSe podr\u00e1 abastecer mucho m\u00e1s a Quequ\u00e9n y Necochea. Ya hemos tenido pedidos de potencia y cuando se termine la obra tendremos que llevar el servicio como corresponde\u201d, indic\u00f3.<\/p>\n<p>Arrieta tambi\u00e9n valor\u00f3 el orden administrativo alcanzado en los \u00faltimos meses. \u201cHemos tomado medidas como empresa y la gente lo entendi\u00f3. Por supuesto, siempre hay alguno que no se adapta a los cambios, pero no les queda otra\u201d, expres\u00f3. En ese sentido, subray\u00f3 que la Usina prioriza el cumplimiento con sus trabajadores: \u201cSiempre hemos dado prioridad a los salarios, est\u00e1n al d\u00eda los aportes y las obras sociales, entonces no estamos generando deuda ni intereses. Administrativamente estamos bien con la papeler\u00eda.\u201d<\/p>\n<p>Finalmente, el titular del Consejo de Administraci\u00f3n se mostr\u00f3 optimista de cara al 2026 y ratific\u00f3 el compromiso de continuar con obras que acompa\u00f1en el crecimiento del distrito y mejoren la calidad de los servicios para los vecinos.<\/p>\n","protected":false},"excerpt":{"rendered":"<p>El presidente del Consejo de Administraci\u00f3n de la Usina Popular Cooperativa, C\u00e9sar Arrieta, hizo un balance del 2025 y destac\u00f3 que la instituci\u00f3n atraviesa \u201cun buen a\u00f1o\u201d en materia econ\u00f3mica, administrativa y operativa. En di\u00e1logo con el periodista Jorge G\u00f3mez, durante el programa Voces de la Ciudad que se emite por Estaci\u00f3n FREE, 90.3 en [&hellip;]<\/p>\n","protected":false},"author":3,"featured_media":102468,"comment_status":"open","ping_status":"open","sticky":false,"template":"","format":"standard","meta":{"footnotes":""},"categories":[3],"tags":[],"class_list":{"0":"post-117508","1":"post","2":"type-post","3":"status-publish","4":"format-standard","5":"has-post-thumbnail","7":"category-masnoticias"},"_links":{"self":[{"href":"https:\/\/primicias2262.com\/noticias\/wp-json\/wp\/v2\/posts\/117508","targetHints":{"allow":["GET"]}}],"collection":[{"href":"https:\/\/primicias2262.com\/noticias\/wp-json\/wp\/v2\/posts"}],"about":[{"href":"https:\/\/primicias2262.com\/noticias\/wp-json\/wp\/v2\/types\/post"}],"author":[{"embeddable":true,"href":"https:\/\/primicias2262.com\/noticias\/wp-json\/wp\/v2\/users\/3"}],"replies":[{"embeddable":true,"href":"https:\/\/primicias2262.com\/noticias\/wp-json\/wp\/v2\/comments?post=117508"}],"version-history":[{"count":1,"href":"https:\/\/primicias2262.com\/noticias\/wp-json\/wp\/v2\/posts\/117508\/revisions"}],"predecessor-version":[{"id":117510,"href":"https:\/\/primicias2262.com\/noticias\/wp-json\/wp\/v2\/posts\/117508\/revisions\/117510"}],"wp:featuredmedia":[{"embeddable":true,"href":"https:\/\/primicias2262.com\/noticias\/wp-json\/wp\/v2\/media\/102468"}],"wp:attachment":[{"href":"https:\/\/primicias2262.com\/noticias\/wp-json\/wp\/v2\/media?parent=117508"}],"wp:term":[{"taxonomy":"category","embeddable":true,"href":"https:\/\/primicias2262.com\/noticias\/wp-json\/wp\/v2\/categories?post=117508"},{"taxonomy":"post_tag","embeddable":true,"href":"https:\/\/primicias2262.com\/noticias\/wp-json\/wp\/v2\/tags?post=117508"}],"curies":[{"name":"wp","href":"https:\/\/api.w.org\/{rel}","templated":true}]}}