{"id":117509,"date":"2025-12-03T17:15:46","date_gmt":"2025-12-03T17:15:46","guid":{"rendered":"https:\/\/primicias2262.com\/noticias\/?p=117509"},"modified":"2025-12-04T21:53:23","modified_gmt":"2025-12-04T21:53:23","slug":"cesar-arrieta-no-descarta-competir-por-la-presidencia-del-pj-necochea-voy-a-intentar-unificar","status":"publish","type":"post","link":"https:\/\/primicias2262.com\/noticias\/cesar-arrieta-no-descarta-competir-por-la-presidencia-del-pj-necochea-voy-a-intentar-unificar\/","title":{"rendered":"C\u00e9sar Arrieta no descarta competir por la presidencia del PJ Necochea: \u201cVoy a intentar unificar\u201d"},"content":{"rendered":"<p><strong>El presidente del Consejo de Administraci\u00f3n de la Usina Popular Cooperativa, C\u00e9sar Arrieta, abri\u00f3 la puerta a una posible candidatura para encabezar el Partido Justicialista de Necochea. En di\u00e1logo con el periodista Jorge G\u00f3mez, durante el programa Voces de la Ciudad que se emite por Estaci\u00f3n FREE, 90.3 en FM, confirm\u00f3 que fue consultado por distintos sectores del peronismo local y que analiza la posibilidad de presentarse.<\/strong><\/p>\n<p>\u201cHan venido varios compa\u00f1eros a verme por el tema del partido; les dije que estoy para acompa\u00f1ar y, de \u00faltima, si hay que jugar, se juega. Se tienen que dar las condiciones, principalmente que tenga ganas yo. Yo voy a intentar unificar\u201d, asegur\u00f3 Arrieta.<\/p>\n<p>El dirigente plante\u00f3 que el mayor problema del peronismo en Necochea es la fragmentaci\u00f3n interna, con m\u00faltiples l\u00edneas sin conducci\u00f3n clara. \u201cHe hablado con un mont\u00f3n y creo que hay una equivocaci\u00f3n general: hoy hay muchas tribus y es como que todos tienen loteado su espacio y as\u00ed no llegamos a nada\u201d, expres\u00f3, y propuso una salida dr\u00e1stica: \u201cCreo que lo m\u00e1s razonable para que se ordene el peronismo es la renuncia al partido de todos los que est\u00e1n, y vamos a jugar, a votar y que se defina ah\u00ed\u201d.<\/p>\n<p>De cara a las pr\u00f3ximas elecciones locales, Arrieta consider\u00f3 clave trabajar desde ahora para tener un candidato competitivo en 2027. \u201cTenemos que buscar un compa\u00f1ero que sea convocante de todos, para la elecci\u00f3n que viene. Nosotros tenemos que tener un nombre al que podamos aportarle ideas, gente y recursos si es necesario, y desde ah\u00ed tratar de volver a la intendencia de Necochea\u201d, afirm\u00f3.<\/p>\n<p>En ese sentido, sostuvo que existe \u201cuna oportunidad \u00fanica\u201d porque, seg\u00fan se\u00f1al\u00f3, se est\u00e1n sumando muchos compa\u00f1eros dispuestos a apoyar un proceso de reorganizaci\u00f3n del PJ. \u201cFalta conducci\u00f3n y unificaci\u00f3n en el peronismo de Necochea, no conducen a nadie\u201d, cuestion\u00f3.<\/p>\n<p>Arrieta tambi\u00e9n realiz\u00f3 una autocr\u00edtica sobre la performance electoral reciente del partido. \u201cEl peronismo viene fracasando hace a\u00f1os, y despu\u00e9s ha habido candidatos buenos y desde dentro del mismo peronismo se los boicoteaba. Por ejemplo, perdimos con Rodr\u00edguez Olivera, perdimos con Gast\u00f3n Aued, con Roberto Rago, con Gast\u00f3n Guarracino\u2026 muchos dec\u00edan boludeces y se cuestionaba a compa\u00f1eros que nos hubieran dado el nivel que pretend\u00edamos de intendente\u201d, repas\u00f3.<\/p>\n<p>Finalmente, se refiri\u00f3 al debate ideol\u00f3gico que atraviesa al justicialismo y cuestion\u00f3 con dureza la influencia kirchnerista dentro del partido: \u201cEn el PJ han hecho una figura de Cristina y N\u00e9stor, y eso no convoca a todo el peronismo. Para m\u00ed el kirchnerismo no fue peronismo, sino una oportunidad que se le dio a la izquierda, invadieron, se infiltraron en el peronismo y nos llevaron a la rastra. Y ahora te dicen: \u2018vos sos peronista, entonces vos rob\u00e1s\u2019\u2026 y no es as\u00ed. Yo soy peronista\u201d, concluy\u00f3.<\/p>\n<p>Con declaraciones fuertes y un diagn\u00f3stico cr\u00edtico, Arrieta se posiciona como una de las voces que buscan reordenar el peronismo local y no descarta ponerse al frente de ese proceso.<\/p>\n","protected":false},"excerpt":{"rendered":"<p>El presidente del Consejo de Administraci\u00f3n de la Usina Popular Cooperativa, C\u00e9sar Arrieta, abri\u00f3 la puerta a una posible candidatura para encabezar el Partido Justicialista de Necochea. En di\u00e1logo con el periodista Jorge G\u00f3mez, durante el programa Voces de la Ciudad que se emite por Estaci\u00f3n FREE, 90.3 en FM, confirm\u00f3 que fue consultado por [&hellip;]<\/p>\n","protected":false},"author":3,"featured_media":115764,"comment_status":"open","ping_status":"open","sticky":false,"template":"","format":"standard","meta":{"footnotes":""},"categories":[3],"tags":[],"class_list":{"0":"post-117509","1":"post","2":"type-post","3":"status-publish","4":"format-standard","5":"has-post-thumbnail","7":"category-masnoticias"},"_links":{"self":[{"href":"https:\/\/primicias2262.com\/noticias\/wp-json\/wp\/v2\/posts\/117509","targetHints":{"allow":["GET"]}}],"collection":[{"href":"https:\/\/primicias2262.com\/noticias\/wp-json\/wp\/v2\/posts"}],"about":[{"href":"https:\/\/primicias2262.com\/noticias\/wp-json\/wp\/v2\/types\/post"}],"author":[{"embeddable":true,"href":"https:\/\/primicias2262.com\/noticias\/wp-json\/wp\/v2\/users\/3"}],"replies":[{"embeddable":true,"href":"https:\/\/primicias2262.com\/noticias\/wp-json\/wp\/v2\/comments?post=117509"}],"version-history":[{"count":1,"href":"https:\/\/primicias2262.com\/noticias\/wp-json\/wp\/v2\/posts\/117509\/revisions"}],"predecessor-version":[{"id":117511,"href":"https:\/\/primicias2262.com\/noticias\/wp-json\/wp\/v2\/posts\/117509\/revisions\/117511"}],"wp:featuredmedia":[{"embeddable":true,"href":"https:\/\/primicias2262.com\/noticias\/wp-json\/wp\/v2\/media\/115764"}],"wp:attachment":[{"href":"https:\/\/primicias2262.com\/noticias\/wp-json\/wp\/v2\/media?parent=117509"}],"wp:term":[{"taxonomy":"category","embeddable":true,"href":"https:\/\/primicias2262.com\/noticias\/wp-json\/wp\/v2\/categories?post=117509"},{"taxonomy":"post_tag","embeddable":true,"href":"https:\/\/primicias2262.com\/noticias\/wp-json\/wp\/v2\/tags?post=117509"}],"curies":[{"name":"wp","href":"https:\/\/api.w.org\/{rel}","templated":true}]}}