{"id":117515,"date":"2025-12-04T21:02:56","date_gmt":"2025-12-04T21:02:56","guid":{"rendered":"https:\/\/primicias2262.com\/noticias\/?p=117515"},"modified":"2025-12-05T20:13:59","modified_gmt":"2025-12-05T20:13:59","slug":"hector-turco-llarias-presento-su-libro-en-el-centro-cultural-de-necochea","status":"publish","type":"post","link":"https:\/\/primicias2262.com\/noticias\/hector-turco-llarias-presento-su-libro-en-el-centro-cultural-de-necochea\/","title":{"rendered":"H\u00e9ctor \u201cTurco\u201d Llar\u00edas present\u00f3 su libro en el Centro Cultural de Necochea"},"content":{"rendered":"<p><strong>El referente peronista local H\u00e9ctor \u201cTurco\u201d Llar\u00edas present\u00f3 oficialmente su obra \u201cLa historia de c\u00f3mo Juancito Sosa se transform\u00f3 en Juan Domingo Per\u00f3n\u201d en el Centro Cultural de Necochea, ante un p\u00fablico que acompa\u00f1\u00f3 su debut como escritor y celebr\u00f3 el resultado de un trabajo que, seg\u00fan asegur\u00f3, surgi\u00f3 \u201cde casualidad\u201d.<\/strong><\/p>\n<p>\u201cYo siempre escrib\u00ed y todos me conocen como charlat\u00e1n, pero no como escritor. Escrib\u00ed de todo en mi vida, pero nunca lo hab\u00eda publicado\u201d, expres\u00f3 Llar\u00edas en Voces de la ciudad, y cont\u00f3 que la idea del libro naci\u00f3 a partir de un pedido familiar. \u201cUna hija de mi se\u00f1ora me pidi\u00f3 que le preparara algo para una tesis, un resumen de Per\u00f3n, se lo hice y ah\u00ed empec\u00e9\u201d.<\/p>\n<p><a href=\"https:\/\/primicias2262.com\/noticias\/wp-content\/uploads\/2025\/12\/WhatsApp-Image-2025-12-04-at-10.41.33-AM.jpeg\"><img loading=\"lazy\" decoding=\"async\" class=\"aligncenter size-full wp-image-117525\" src=\"https:\/\/primicias2262.com\/noticias\/wp-content\/uploads\/2025\/12\/WhatsApp-Image-2025-12-04-at-10.41.33-AM.jpeg\" alt=\"\" width=\"1280\" height=\"960\" srcset=\"https:\/\/primicias2262.com\/noticias\/wp-content\/uploads\/2025\/12\/WhatsApp-Image-2025-12-04-at-10.41.33-AM.jpeg 1280w, https:\/\/primicias2262.com\/noticias\/wp-content\/uploads\/2025\/12\/WhatsApp-Image-2025-12-04-at-10.41.33-AM-300x225.jpeg 300w, https:\/\/primicias2262.com\/noticias\/wp-content\/uploads\/2025\/12\/WhatsApp-Image-2025-12-04-at-10.41.33-AM-1024x768.jpeg 1024w, https:\/\/primicias2262.com\/noticias\/wp-content\/uploads\/2025\/12\/WhatsApp-Image-2025-12-04-at-10.41.33-AM-768x576.jpeg 768w, https:\/\/primicias2262.com\/noticias\/wp-content\/uploads\/2025\/12\/WhatsApp-Image-2025-12-04-at-10.41.33-AM-150x113.jpeg 150w, https:\/\/primicias2262.com\/noticias\/wp-content\/uploads\/2025\/12\/WhatsApp-Image-2025-12-04-at-10.41.33-AM-696x522.jpeg 696w, https:\/\/primicias2262.com\/noticias\/wp-content\/uploads\/2025\/12\/WhatsApp-Image-2025-12-04-at-10.41.33-AM-1068x801.jpeg 1068w\" sizes=\"auto, (max-width: 1280px) 100vw, 1280px\" \/><\/a>El autor relat\u00f3 que la investigaci\u00f3n le llev\u00f3 m\u00e1s de dos a\u00f1os y que, para desarrollarla, consult\u00f3 m\u00e1s de 50 libros vinculados a la vida y obra de Juan Domingo Per\u00f3n. En ese camino, destac\u00f3 especialmente el aporte de testimonios directos. \u201cAprovech\u00e9 mucho cuando Ram\u00f3n Landajo estuvo en Necochea y me cont\u00f3 de cuando Per\u00f3n estuvo exiliado en Am\u00e9rica. He hablado con varias personas que fueron contempor\u00e1neas a Per\u00f3n y compartieron cosas\u201d, se\u00f1al\u00f3, marcando que su obra se construye \u201ccomo una narraci\u00f3n investigativa\u201d.<\/p>\n<p>Uno de los prop\u00f3sitos centrales del libro, seg\u00fan explic\u00f3, es \u201cdesmitificar\u201d la figura del l\u00edder fundador del justicialismo. \u201cTrato de demostrar que Per\u00f3n era un ser como todos, que ten\u00eda muchas virtudes y algunas falencias, y que no tuvo una buena vida, no le fue bien en la vida. Hizo mucho por nuestro pa\u00eds y no fue correspondido, ni siquiera por sus propios compa\u00f1eros\u201d, asegur\u00f3.<\/p>\n<p>Llar\u00edas indic\u00f3 que todo el material fue abordado con rigor, aunque admiti\u00f3 que hubo un punto en el que la subjetividad tuvo un lugar inevitable: \u201cEn lo \u00fanico que fui subjetivo fue en el d\u00eda de su entierro y de su muerte, lo que me caus\u00f3 much\u00edsimo dolor. Estuvo rodeado de los mejores m\u00e9dicos y eminencias, y una sarta de rapi\u00f1as que estuvieron en su lecho de muerte y no merec\u00edan que Per\u00f3n estuviera a su lado\u201d.<\/p>\n","protected":false},"excerpt":{"rendered":"<p>El referente peronista local H\u00e9ctor \u201cTurco\u201d Llar\u00edas present\u00f3 oficialmente su obra \u201cLa historia de c\u00f3mo Juancito Sosa se transform\u00f3 en Juan Domingo Per\u00f3n\u201d en el Centro Cultural de Necochea, ante un p\u00fablico que acompa\u00f1\u00f3 su debut como escritor y celebr\u00f3 el resultado de un trabajo que, seg\u00fan asegur\u00f3, surgi\u00f3 \u201cde casualidad\u201d. \u201cYo siempre escrib\u00ed y [&hellip;]<\/p>\n","protected":false},"author":3,"featured_media":117524,"comment_status":"open","ping_status":"open","sticky":false,"template":"","format":"standard","meta":{"footnotes":""},"categories":[3],"tags":[],"class_list":{"0":"post-117515","1":"post","2":"type-post","3":"status-publish","4":"format-standard","5":"has-post-thumbnail","7":"category-masnoticias"},"_links":{"self":[{"href":"https:\/\/primicias2262.com\/noticias\/wp-json\/wp\/v2\/posts\/117515","targetHints":{"allow":["GET"]}}],"collection":[{"href":"https:\/\/primicias2262.com\/noticias\/wp-json\/wp\/v2\/posts"}],"about":[{"href":"https:\/\/primicias2262.com\/noticias\/wp-json\/wp\/v2\/types\/post"}],"author":[{"embeddable":true,"href":"https:\/\/primicias2262.com\/noticias\/wp-json\/wp\/v2\/users\/3"}],"replies":[{"embeddable":true,"href":"https:\/\/primicias2262.com\/noticias\/wp-json\/wp\/v2\/comments?post=117515"}],"version-history":[{"count":3,"href":"https:\/\/primicias2262.com\/noticias\/wp-json\/wp\/v2\/posts\/117515\/revisions"}],"predecessor-version":[{"id":117530,"href":"https:\/\/primicias2262.com\/noticias\/wp-json\/wp\/v2\/posts\/117515\/revisions\/117530"}],"wp:featuredmedia":[{"embeddable":true,"href":"https:\/\/primicias2262.com\/noticias\/wp-json\/wp\/v2\/media\/117524"}],"wp:attachment":[{"href":"https:\/\/primicias2262.com\/noticias\/wp-json\/wp\/v2\/media?parent=117515"}],"wp:term":[{"taxonomy":"category","embeddable":true,"href":"https:\/\/primicias2262.com\/noticias\/wp-json\/wp\/v2\/categories?post=117515"},{"taxonomy":"post_tag","embeddable":true,"href":"https:\/\/primicias2262.com\/noticias\/wp-json\/wp\/v2\/tags?post=117515"}],"curies":[{"name":"wp","href":"https:\/\/api.w.org\/{rel}","templated":true}]}}