{"id":117516,"date":"2025-12-03T21:59:32","date_gmt":"2025-12-03T21:59:32","guid":{"rendered":"https:\/\/primicias2262.com\/noticias\/?p=117516"},"modified":"2025-12-05T20:15:39","modified_gmt":"2025-12-05T20:15:39","slug":"anuncian-feria-navidena-a-beneficio-del-hospital-irurzun-en-las-cabanas-rio-quequen","status":"publish","type":"post","link":"https:\/\/primicias2262.com\/noticias\/anuncian-feria-navidena-a-beneficio-del-hospital-irurzun-en-las-cabanas-rio-quequen\/","title":{"rendered":"Anuncian feria navide\u00f1a a beneficio del Hospital Irurzun en las Caba\u00f1as R\u00edo Quequ\u00e9n"},"content":{"rendered":"<p>La Asociaci\u00f3n Civil por la Salud del Hospital Irurzun ser\u00e1 protagonista de una jornada solidaria este lunes 8 de diciembre, cuando se realice una feria navide\u00f1a en el complejo Caba\u00f1as R\u00edo Quequ\u00e9n, impulsada por Mecha Lubrano y un grupo de emprendedoras locales. El evento, que tendr\u00e1 lugar en un entorno natural privilegiado, busca recaudar fondos para distintas obras y mejoras en el centro de salud quequenense.<\/p>\n<p>Romina Corapi, integrante de la Asociaci\u00f3n, destac\u00f3 en Voces de la Ciudad, durante una nota realizada por Hugo Arroyo que la propuesta \u201ccontar\u00e1 con m\u00e1s de 15 emprendedoras de todos los rubros en un entorno perfecto como es ese predio, as\u00ed que ser\u00e1 una fiesta a beneficio de la cooperadora del Hospital Irurzun. Hay un bono contribuci\u00f3n y estamos por dem\u00e1s agradecidos porque para nosotros suma un mont\u00f3n\u201d.<\/p>\n<p>Ese bono no solo permitir\u00e1 el acceso al complejo y a la feria, sino tambi\u00e9n a diferentes actividades preparadas para toda la familia. \u201cCon ese bono contribuci\u00f3n no solo se accede al complejo, la feria, los fogones y la pileta, sino que adem\u00e1s se puede participar de un mont\u00f3n de sorteos\u201d, detall\u00f3 Corapi. La jornada comenzar\u00e1 a las 11 y est\u00e1 prevista hasta las 20, siempre que el clima acompa\u00f1e.<\/p>\n<p>Desde la Asociaci\u00f3n remarcan que la colaboraci\u00f3n comunitaria es fundamental, ya que el hospital presenta necesidades permanentes. \u201cSi bien el hospital brinda todos los servicios con una predisposici\u00f3n incre\u00edble del personal y la buena calidad profesional, hay cosas por hacer, como por ejemplo el cambio del cableado, que era de hace muchos a\u00f1os y era urgente avanzar en eso\u201d, explic\u00f3 Corapi.<\/p>\n<p>Adem\u00e1s, inform\u00f3 que ya se encuentra en marcha una obra clave: \u201cEstamos haciendo la obra civil para la colocaci\u00f3n del generador el\u00e9ctrico, una obra compartida con el municipio, que aporta el generador, y la obra ya la tenemos bastante avanzada\u201d.<\/p>\n<p>La Asociaci\u00f3n Civil por la Salud del Hospital Irurzun est\u00e1 integrada por 14 miembros y actualmente es presidida por Mat\u00edas Corapi. Con este evento solidario, se espera avanzar un paso m\u00e1s en la mejora de la infraestructura del hospital y fortalecer el v\u00ednculo con la comunidad, en una jornada que combinar\u00e1 naturaleza, emprendedurismo y solidaridad.<\/p>\n<p><a href=\"https:\/\/primicias2262.com\/noticias\/wp-content\/uploads\/2025\/12\/WhatsApp-Image-2025-12-04-at-11.02.04-AM.jpeg\"><img loading=\"lazy\" decoding=\"async\" class=\"aligncenter size-full wp-image-117527\" src=\"https:\/\/primicias2262.com\/noticias\/wp-content\/uploads\/2025\/12\/WhatsApp-Image-2025-12-04-at-11.02.04-AM.jpeg\" alt=\"\" width=\"1131\" height=\"1600\" srcset=\"https:\/\/primicias2262.com\/noticias\/wp-content\/uploads\/2025\/12\/WhatsApp-Image-2025-12-04-at-11.02.04-AM.jpeg 1131w, https:\/\/primicias2262.com\/noticias\/wp-content\/uploads\/2025\/12\/WhatsApp-Image-2025-12-04-at-11.02.04-AM-212x300.jpeg 212w, https:\/\/primicias2262.com\/noticias\/wp-content\/uploads\/2025\/12\/WhatsApp-Image-2025-12-04-at-11.02.04-AM-724x1024.jpeg 724w, https:\/\/primicias2262.com\/noticias\/wp-content\/uploads\/2025\/12\/WhatsApp-Image-2025-12-04-at-11.02.04-AM-768x1086.jpeg 768w, https:\/\/primicias2262.com\/noticias\/wp-content\/uploads\/2025\/12\/WhatsApp-Image-2025-12-04-at-11.02.04-AM-1086x1536.jpeg 1086w, https:\/\/primicias2262.com\/noticias\/wp-content\/uploads\/2025\/12\/WhatsApp-Image-2025-12-04-at-11.02.04-AM-150x212.jpeg 150w, https:\/\/primicias2262.com\/noticias\/wp-content\/uploads\/2025\/12\/WhatsApp-Image-2025-12-04-at-11.02.04-AM-300x424.jpeg 300w, https:\/\/primicias2262.com\/noticias\/wp-content\/uploads\/2025\/12\/WhatsApp-Image-2025-12-04-at-11.02.04-AM-696x985.jpeg 696w, https:\/\/primicias2262.com\/noticias\/wp-content\/uploads\/2025\/12\/WhatsApp-Image-2025-12-04-at-11.02.04-AM-1068x1511.jpeg 1068w\" sizes=\"auto, (max-width: 1131px) 100vw, 1131px\" \/><\/a><\/p>\n","protected":false},"excerpt":{"rendered":"<p>La Asociaci\u00f3n Civil por la Salud del Hospital Irurzun ser\u00e1 protagonista de una jornada solidaria este lunes 8 de diciembre, cuando se realice una feria navide\u00f1a en el complejo Caba\u00f1as R\u00edo Quequ\u00e9n, impulsada por Mecha Lubrano y un grupo de emprendedoras locales. El evento, que tendr\u00e1 lugar en un entorno natural privilegiado, busca recaudar fondos [&hellip;]<\/p>\n","protected":false},"author":3,"featured_media":102345,"comment_status":"open","ping_status":"open","sticky":false,"template":"","format":"standard","meta":{"footnotes":""},"categories":[3],"tags":[],"class_list":{"0":"post-117516","1":"post","2":"type-post","3":"status-publish","4":"format-standard","5":"has-post-thumbnail","7":"category-masnoticias"},"_links":{"self":[{"href":"https:\/\/primicias2262.com\/noticias\/wp-json\/wp\/v2\/posts\/117516","targetHints":{"allow":["GET"]}}],"collection":[{"href":"https:\/\/primicias2262.com\/noticias\/wp-json\/wp\/v2\/posts"}],"about":[{"href":"https:\/\/primicias2262.com\/noticias\/wp-json\/wp\/v2\/types\/post"}],"author":[{"embeddable":true,"href":"https:\/\/primicias2262.com\/noticias\/wp-json\/wp\/v2\/users\/3"}],"replies":[{"embeddable":true,"href":"https:\/\/primicias2262.com\/noticias\/wp-json\/wp\/v2\/comments?post=117516"}],"version-history":[{"count":1,"href":"https:\/\/primicias2262.com\/noticias\/wp-json\/wp\/v2\/posts\/117516\/revisions"}],"predecessor-version":[{"id":117531,"href":"https:\/\/primicias2262.com\/noticias\/wp-json\/wp\/v2\/posts\/117516\/revisions\/117531"}],"wp:featuredmedia":[{"embeddable":true,"href":"https:\/\/primicias2262.com\/noticias\/wp-json\/wp\/v2\/media\/102345"}],"wp:attachment":[{"href":"https:\/\/primicias2262.com\/noticias\/wp-json\/wp\/v2\/media?parent=117516"}],"wp:term":[{"taxonomy":"category","embeddable":true,"href":"https:\/\/primicias2262.com\/noticias\/wp-json\/wp\/v2\/categories?post=117516"},{"taxonomy":"post_tag","embeddable":true,"href":"https:\/\/primicias2262.com\/noticias\/wp-json\/wp\/v2\/tags?post=117516"}],"curies":[{"name":"wp","href":"https:\/\/api.w.org\/{rel}","templated":true}]}}