{"id":117517,"date":"2025-12-04T20:59:33","date_gmt":"2025-12-04T20:59:33","guid":{"rendered":"https:\/\/primicias2262.com\/noticias\/?p=117517"},"modified":"2025-12-05T20:14:30","modified_gmt":"2025-12-05T20:14:30","slug":"tasa-vial-cuando-uno-lee-el-fallo-de-agosto-y-lo-coteja-con-el-de-ahora-parece-que-esta-escrito-por-dos-personas-distintas","status":"publish","type":"post","link":"https:\/\/primicias2262.com\/noticias\/tasa-vial-cuando-uno-lee-el-fallo-de-agosto-y-lo-coteja-con-el-de-ahora-parece-que-esta-escrito-por-dos-personas-distintas\/","title":{"rendered":"Tasa Vial: \u201cCuando uno lee el fallo de agosto y lo coteja con el de ahora parece que est\u00e1 escrito por dos personas distintas\u201d"},"content":{"rendered":"<p><strong>As\u00ed lo enfatiz\u00f3 el secretario de Legal y T\u00e9cnica, Ernesto Povilaitis, el d\u00eda despu\u00e9s que se conociera la medida cautelar en beneficio de las terminales portuarias, cuya \u201cactividad lucrativa destroza las calles y perjudica al vecino\u201d, enfatiz\u00f3.<\/strong><\/p>\n<p>En virtud de que el Juzgado Contencioso Administrativo, que con fecha 26 de agosto de 2025 hab\u00eda rechazado el pedido cautelar de las terminales portuarias en el caso de la denominada Tasa Portuaria, otorg\u00f3 en la jornada de este mi\u00e9rcoles 3 de diciembre una medida cautelar a favor de las terminales portuarias que perjudica a todos los habitantes del Distrito, mostrando un criterio totalmente distinto, es que el municipio sali\u00f3 a expresar su repudio a la medida.<\/p>\n<p>Quien dialog\u00f3 al respecto con el periodista Jorge G\u00f3mez, en el marco del programa Voces de la Ciudad que se emite a trav\u00e9s de Estaci\u00f3n FREE, 90.3 en FM, fue el secretario de Legal y T\u00e9cnica del municipio, Ernesto Povilaitis, quien expres\u00f3 en primer t\u00e9rmino que \u201ctodav\u00eda no podemos salir de la sorpresa, teniendo en cuenta que en agosto de este a\u00f1o una de las terminales hab\u00eda solicitado una medida cautelar y fue rechazada\u201d.<\/p>\n<p>Pero llamativamente, \u201cde golpe se cambia el criterio y adem\u00e1s los fundamentos que utiliza lo consideramos poco serios, infundados, sin respetar el criterio de la c\u00e1mara, por eso todav\u00eda no podemos salir del asombro\u201d, acot\u00f3 Povilaitis en referencia\u00a0 al Dr. Carlos Albero Herrera, quien est\u00e1 a cargo del Juzgado Contencioso Administrativo del Departamento Judicial de Necochea.<\/p>\n<p>\u201cEsto no perjudica a la administraci\u00f3n de Arturo Rojas, sino que perjudica a todos los vecinos. A nosotros no nos preocupa el tema de la cautelar, sino el da\u00f1o que se le ocasiona al vecino. La actividad lucrativa de las terminales destrozan las calles\u201d, enfatiz\u00f3 Povilaitis, informando que \u201cen lo que va del a\u00f1o han circulado por Quequ\u00e9n alrededor de 28, entonces esto lo \u00fanico que hace es que el vecino siga pagando con sus tasas y subsidiando a las terminales portuarias, cuya actividad es con fines de lucro\u201d.<\/p>\n<p>Insisti\u00f3 en que \u201cel vecino de a pie le est\u00e1 pagando a la exportaci\u00f3n que tarifa en d\u00f3lares, y en esto a nosotros nos llam\u00f3 mucho la atenci\u00f3n el cambio de criterio\u201d,\u00a0 recordando que \u201ct\u00e9cnicamente esta tasa tiene como fundamento la sentencia de la C\u00e1mara de Apelaciones de Mar del Plata\u201d.<\/p>\n<p>El Dr. Povilaitis remarc\u00f3 con asombro que \u201ccuando uno lee el fallo de agosto y lo coteja con el de ahora parece que est\u00e1 escrito por dos personas distintas. \u00a0En agosto (Herrera) ten\u00eda un criterio y ahora tiene otro, porque adem\u00e1s son los mismos actos administrativos, la misma ordenanza, todo fue puesto a consideraci\u00f3n de Herrera en agosto y lo mismo en noviembre\u2026qu\u00e9 pas\u00f3 en el medio no lo s\u00e9\u201d.<\/p>\n<p>Desde lo t\u00e9cnico, el funcionario aclar\u00f3 que \u201cen lo \u00fanico que difiere de la tasa anterior es que antes los objetos contribuyentes eran las exportadoras y ac\u00e1 lo que se hizo es cambiar ese punto a las terminales, que en definitiva son las que recepcionan la carga. Hoy el 100% de la mercader\u00eda que se exporta e importa de Puerto Quequ\u00e9n accede y egresa por cami\u00f3n, es decir que, si las terminales no cuentan con la infraestructura vial que mantiene el municipio, se paraliza la actividad. Que transiten 300 mil camiones al a\u00f1o lo vemos en el deterioro posterior del estado de las calles de Quequ\u00e9n y no hay forma de sostener el mantenimiento\u201d.<\/p>\n<p>Con la apelaci\u00f3n correspondiente a la postura que se dio a conocer este mi\u00e9rcoles, y teniendo en cuenta que en enero no hay actividad judicial por la feria, Povilaitis estim\u00f3 en cuanto a los tiempos judiciales que \u201cva a demorar de 3 a 6 meses el tratamiento de la apelaci\u00f3n que nosotros hagamos\u201d.<\/p>\n<p>Vale recordar que este 3 de diciembre, el Juzgado Contencioso Administrativo del Departamento Judicial de Necochea a cargo del Dr. Carlos Albero Herrera, le otorg\u00f3 a las terminales portuarias Sitio 0 de Quequ\u00e9n S.A, Pier Doce S.A., Terminal Quequ\u00e9n S.A., Terminales y Servicios S.A. y Asociaci\u00f3n de Cooperativas Argentinas Coop Ldta., una medida cautelar mediante la cual se ordena a la Municipalidad de Necochea que se abstenga de iniciar y\/o continuar con cualquier actuaci\u00f3n administrativa y\/o judicial vinculada al cobro de la TASA SOLIDARIA POR MANTENIMIENTO DIFERENCIADO DE LA RED VIAL, regulada en el T\u00cdTULO XXXVII de la Ordenanza Fiscal e Impositiva N\u00ba11.687\/24, conocida como TASA PORTUARIA.<\/p>\n","protected":false},"excerpt":{"rendered":"<p>As\u00ed lo enfatiz\u00f3 el secretario de Legal y T\u00e9cnica, Ernesto Povilaitis, el d\u00eda despu\u00e9s que se conociera la medida cautelar en beneficio de las terminales portuarias, cuya \u201cactividad lucrativa destroza las calles y perjudica al vecino\u201d, enfatiz\u00f3. En virtud de que el Juzgado Contencioso Administrativo, que con fecha 26 de agosto de 2025 hab\u00eda rechazado [&hellip;]<\/p>\n","protected":false},"author":3,"featured_media":117519,"comment_status":"open","ping_status":"open","sticky":false,"template":"","format":"standard","meta":{"footnotes":""},"categories":[3],"tags":[],"class_list":{"0":"post-117517","1":"post","2":"type-post","3":"status-publish","4":"format-standard","5":"has-post-thumbnail","7":"category-masnoticias"},"_links":{"self":[{"href":"https:\/\/primicias2262.com\/noticias\/wp-json\/wp\/v2\/posts\/117517","targetHints":{"allow":["GET"]}}],"collection":[{"href":"https:\/\/primicias2262.com\/noticias\/wp-json\/wp\/v2\/posts"}],"about":[{"href":"https:\/\/primicias2262.com\/noticias\/wp-json\/wp\/v2\/types\/post"}],"author":[{"embeddable":true,"href":"https:\/\/primicias2262.com\/noticias\/wp-json\/wp\/v2\/users\/3"}],"replies":[{"embeddable":true,"href":"https:\/\/primicias2262.com\/noticias\/wp-json\/wp\/v2\/comments?post=117517"}],"version-history":[{"count":1,"href":"https:\/\/primicias2262.com\/noticias\/wp-json\/wp\/v2\/posts\/117517\/revisions"}],"predecessor-version":[{"id":117532,"href":"https:\/\/primicias2262.com\/noticias\/wp-json\/wp\/v2\/posts\/117517\/revisions\/117532"}],"wp:featuredmedia":[{"embeddable":true,"href":"https:\/\/primicias2262.com\/noticias\/wp-json\/wp\/v2\/media\/117519"}],"wp:attachment":[{"href":"https:\/\/primicias2262.com\/noticias\/wp-json\/wp\/v2\/media?parent=117517"}],"wp:term":[{"taxonomy":"category","embeddable":true,"href":"https:\/\/primicias2262.com\/noticias\/wp-json\/wp\/v2\/categories?post=117517"},{"taxonomy":"post_tag","embeddable":true,"href":"https:\/\/primicias2262.com\/noticias\/wp-json\/wp\/v2\/tags?post=117517"}],"curies":[{"name":"wp","href":"https:\/\/api.w.org\/{rel}","templated":true}]}}