{"id":117518,"date":"2025-12-04T19:59:33","date_gmt":"2025-12-04T19:59:33","guid":{"rendered":"https:\/\/primicias2262.com\/noticias\/?p=117518"},"modified":"2025-12-05T20:15:09","modified_gmt":"2025-12-05T20:15:09","slug":"diego-angeli-sera-el-nuevo-delegado-municipal-en-la-dulce","status":"publish","type":"post","link":"https:\/\/primicias2262.com\/noticias\/diego-angeli-sera-el-nuevo-delegado-municipal-en-la-dulce\/","title":{"rendered":"Diego Angeli ser\u00e1 el nuevo delegado municipal en La Dulce\u00a0\u00a0"},"content":{"rendered":"<p>Por Jorge G\u00f3mez<\/p>\n<p>El conocido vecino de La Dulce, Diego Angeli, ser\u00e1 el nuevo delegado municipal en aquella localidad del interior del partido de Necochea.<\/p>\n<p>Tal lo confirmado en las \u00faltimas horas por autoridades municipales. La propuesta, aceptaci\u00f3n y plan de trabajo a cumplir de aqu\u00ed en mas por parte de Angeli se defini\u00f3 en la ma\u00f1ana de este caluroso mi\u00e9rcoles 3 de diciembre en un encuentro que mantuvo el futuro funcionario con el intendente Arturo Rojas, y la secretaria de Gobierno, Paula Farami\u00f1an.<\/p>\n<p>El acto de puesta en funciones de Angeli -integrante de una respetada y laboriosa familia dulcense- se llevar\u00e1 a cabo este viernes 5 de diciembre a partir de las 10 de la ma\u00f1ana en la propia Delegaci\u00f3n, con la presencia del jefe comunal, de funcionarios del Ejecutivo y de vecinos.<\/p>\n","protected":false},"excerpt":{"rendered":"<p>Por Jorge G\u00f3mez El conocido vecino de La Dulce, Diego Angeli, ser\u00e1 el nuevo delegado municipal en aquella localidad del interior del partido de Necochea. Tal lo confirmado en las \u00faltimas horas por autoridades municipales. La propuesta, aceptaci\u00f3n y plan de trabajo a cumplir de aqu\u00ed en mas por parte de Angeli se defini\u00f3 en [&hellip;]<\/p>\n","protected":false},"author":3,"featured_media":107154,"comment_status":"open","ping_status":"open","sticky":false,"template":"","format":"standard","meta":{"footnotes":""},"categories":[3],"tags":[],"class_list":{"0":"post-117518","1":"post","2":"type-post","3":"status-publish","4":"format-standard","5":"has-post-thumbnail","7":"category-masnoticias"},"_links":{"self":[{"href":"https:\/\/primicias2262.com\/noticias\/wp-json\/wp\/v2\/posts\/117518","targetHints":{"allow":["GET"]}}],"collection":[{"href":"https:\/\/primicias2262.com\/noticias\/wp-json\/wp\/v2\/posts"}],"about":[{"href":"https:\/\/primicias2262.com\/noticias\/wp-json\/wp\/v2\/types\/post"}],"author":[{"embeddable":true,"href":"https:\/\/primicias2262.com\/noticias\/wp-json\/wp\/v2\/users\/3"}],"replies":[{"embeddable":true,"href":"https:\/\/primicias2262.com\/noticias\/wp-json\/wp\/v2\/comments?post=117518"}],"version-history":[{"count":1,"href":"https:\/\/primicias2262.com\/noticias\/wp-json\/wp\/v2\/posts\/117518\/revisions"}],"predecessor-version":[{"id":117533,"href":"https:\/\/primicias2262.com\/noticias\/wp-json\/wp\/v2\/posts\/117518\/revisions\/117533"}],"wp:featuredmedia":[{"embeddable":true,"href":"https:\/\/primicias2262.com\/noticias\/wp-json\/wp\/v2\/media\/107154"}],"wp:attachment":[{"href":"https:\/\/primicias2262.com\/noticias\/wp-json\/wp\/v2\/media?parent=117518"}],"wp:term":[{"taxonomy":"category","embeddable":true,"href":"https:\/\/primicias2262.com\/noticias\/wp-json\/wp\/v2\/categories?post=117518"},{"taxonomy":"post_tag","embeddable":true,"href":"https:\/\/primicias2262.com\/noticias\/wp-json\/wp\/v2\/tags?post=117518"}],"curies":[{"name":"wp","href":"https:\/\/api.w.org\/{rel}","templated":true}]}}