{"id":117535,"date":"2025-12-04T21:59:37","date_gmt":"2025-12-04T21:59:37","guid":{"rendered":"https:\/\/primicias2262.com\/noticias\/?p=117535"},"modified":"2025-12-04T21:59:37","modified_gmt":"2025-12-04T21:59:37","slug":"radiografia-de-la-nueva-camara-de-diputados-bloque-por-bloque","status":"publish","type":"post","link":"https:\/\/primicias2262.com\/noticias\/radiografia-de-la-nueva-camara-de-diputados-bloque-por-bloque\/","title":{"rendered":"Radiograf\u00eda de la nueva C\u00e1mara de Diputados, bloque por bloque"},"content":{"rendered":"<p>La\u00a0<strong>radiograf\u00eda\u00a0<\/strong>precisa de la nueva\u00a0<strong>C\u00e1mara de Diputados<\/strong>\u00a0muestra a La Libertad Avanza como primera minor\u00eda, ganando mucho terreno respecto del ciclo cesante, seguido de cerca por\u00a0<strong>Uni\u00f3n por la Patria<\/strong>\u00a0que mantiene un volumen considerable.<\/p>\n<p>En tanto, el tablero del nuevo Congreso dej\u00f3 poco espacio para las opciones del medio, donde dos interbloques de igual tama\u00f1o se disputan la tercera fuerza.<\/p>\n<h3>La Libertad Avanza (95)<\/h3>\n<p>Las elecciones de octubre dejaron un panorama muy alentador en t\u00e9rminos de crecimiento de la bancada libertaria.<\/p>\n<p>Con el resultado puesto, se embarc\u00f3 en una carrera tit\u00e1nica contra el tiempo para despojar a Uni\u00f3n por la Patria de la condici\u00f3n de primera minor\u00eda.<\/p>\n<p>Para ello, sali\u00f3 con todo a pescar diputados que pertenec\u00edan a bloques aliados, con inmejorable saldo.<\/p>\n<p>Primero anex\u00f3 a tres \u00abradicales con peluca\u00bb de la Liga del Interior:\u00a0<strong>Mariano Campero, Luis Picat y Federico Tournier.\u00a0<\/strong><\/p>\n<p>Despu\u00e9s apel\u00f3 a\u00a0<strong>Patricia Bullrich\u00a0<\/strong>para vaciar al bloque del PRO llev\u00e1ndose a m\u00e1s de una decena de diputados (entre quienes se destacan\u00a0<strong>Silvana Giudici, Dami\u00e1n Arabia, Sabrina Ajmechet, Laura Rodr\u00edguez Machado y Alejandro Bongiovanni)<\/strong>, y en el medio tambi\u00e9n absorbi\u00f3 a la santafesina\u00a0<strong>Ver\u00f3nica Razzini. \u00a0<\/strong><\/p>\n<p>El presidente del bloque seguir\u00e1 siendo\u00a0<strong>Gabriel Bornoroni,<\/strong>\u00a0mientras que\u00a0<strong>Nicol\u00e1s Mayoraz y Giudici\u00a0<\/strong>ser\u00e1n secretarios parlamentarios.<\/p>\n<p>Otras figuras del bloque son\u00a0<strong>Luis Petri, Bertie Benegas Lynch, Lilia Lemoine, Karen Reichardt, Virginia Gallardo, Juliana Santill\u00e1n, Mar\u00eda Celeste Ponce, Romina Diez, Nicol\u00e1s Emma, Sergio \u201cTronco\u201d Figliuolo, Diego Hartfield, Santiago Santurio y Lorena Villaverde<\/strong>.<\/p>\n<h3>Uni\u00f3n por la Patria<\/h3>\n<p>Las elecciones dejaron un gusto a poco en el peronismo, aunque pese a todo las proyecciones le permit\u00edan sostener la cantidad de diputados de la etapa que concluye.<\/p>\n<p>La unidad empez\u00f3 a tambalear cuando algunos gobernadores peronistas empezaron a dar visos de autonom\u00eda y a amenazar con independizarse, para poder negociar con el Gobierno con mayor libertad.<\/p>\n<p>Al final, el \u00fanico que se anim\u00f3 a dar el salto fue el catamarque\u00f1o\u00a0<strong>Ra\u00fal Jalil,<\/strong>\u00a0quien\u00a0<a href=\"https:\/\/noticiasargentinas.com\/politica\/jalil-se-independiza--los-diputados-de-catamarca-rompieron-con-el-bloque-de-union-por-la-patria-_a692f2a5c76ccfa9991007169\">retir\u00f3 de UP a sus tres legisladores para conformar una bancada propia<\/a>.<\/p>\n<p>El santiague\u00f1o\u00a0<strong>Gerardo Zamora<\/strong>\u00a0amag\u00f3 a hacer lo propio pero al final no sac\u00f3 los pies del plato, mientras que el tucumano\u00a0<strong>Osvaldo Jaldo<\/strong>\u00a0ratific\u00f3 la continuidad del bloque Independencia y oblig\u00f3 al ex intendente de Taf\u00ed Viejo\u00a0<strong>Javier Noguera<\/strong>\u00a0(quien ten\u00eda previsto sumarse a UP) a un\u00edrsele bajo extorsi\u00f3n pol\u00edtica.<\/p>\n<p>Adem\u00e1s, el puntano\u00a0<strong>Jorge \u201cGato\u201d Fern\u00e1ndez,<\/strong>\u00a0del PJ puntano ligado a\u00a0<strong>Alberto Rodr\u00edguez Sa\u00e1,<\/strong>\u00a0desoy\u00f3 los pedidos desesperados para que quedara integrado en Uni\u00f3n por la Patria, y conformar\u00e1 un monobloque.<\/p>\n<p>En definitiva, la deserci\u00f3n de los catamarque\u00f1os fue suficiente para que el peronismo perdiera la primera minor\u00eda, y encare la nueva etapa con un peso relativo menor al que tuvo en el per\u00edodo precedente.<\/p>\n<p><strong>Germ\u00e1n Mart\u00ednez<\/strong>\u00a0fue ratificado como jefe de bloque, y lo mismo ocurri\u00f3 con<strong>\u00a0Paula Penacca\u00a0<\/strong>como secretaria parlamentaria.<\/p>\n<p>Otros nombres destacados del bloque son\u00a0<strong>Juan Grabois, Cecilia Moreau, Julia Strada, Jorge Taiana, M\u00e1ximo Kirchner, Florencia Carignano, Pablo Yedlin, Eduardo Vald\u00e9s, Itai Hagman, Hugo Yasky, Vanesa Siley, Agust\u00edn Rossi, Teresa Garc\u00eda, Caren Tepp, Sergio Palazzo, Juan Marino, Santiago Cafiero, Victoria Tolosa Paz, Sebasti\u00e1n Galmarini, Diego Giuliano, Jimena L\u00f3pez, Juan Carlos Molina, Sabrina Selva, Kelly Olmos, Nicol\u00e1s Trotta, Aldo Leiva, Luana Volnovich, Horacio Pietragalla y Agustina Propato.<\/strong><\/p>\n<h3>Unidos (22)<\/h3>\n<p>Los gobernadores de Santa Fe,\u00a0<strong>Maximiliano Pullaro,\u00a0<\/strong>de C\u00f3rdoba,\u00a0<strong>Mart\u00edn Llaryora,<\/strong>\u00a0y de Chubut,<strong>\u00a0Ignacio Torres,<\/strong>\u00a0fueron los encargados de exportar la marca<strong>\u00a0Provincias Unidas\u00a0<\/strong>al Congreso de la Naci\u00f3n.<\/p>\n<p>La traducci\u00f3n parlamentaria no fue sencilla y tuvo muchos idas y vueltas, pero termin\u00f3 mejor de lo que empez\u00f3.<\/p>\n<p>Pullaro fue quien tom\u00f3 la sart\u00e9n por el mango e impuso a su vicegobernadora y diputada nacional electa<strong>\u00a0Gisela Scaglia<\/strong>\u00a0como jefa del interbloque.<\/p>\n<p>Esta definici\u00f3n no le cay\u00f3 nada bien a\u00a0<strong>Miguel Pichetto<\/strong>, quien crey\u00f3 que iba a retener la presidencia que ejerci\u00f3 en\u00a0<strong>Encuentro Federal.<\/strong><\/p>\n<p>Las negociaciones con el oriundo de R\u00edo Negro y\u00a0<strong>Nicol\u00e1s Massot\u00a0<\/strong>se cayeron por completo en un momento determinado, pero sobre el final se encauzaron y Encuentro Federal se sum\u00f3 como una bancada propia integrada a Unidos.<\/p>\n<p>Tambi\u00e9n se logr\u00f3 incorporar al bloque de la<strong>\u00a0Coalici\u00f3n C\u00edvica,<\/strong>\u00a0integrado por\u00a0<strong>Maximiliano Ferraro y M\u00f3nica Frade.<\/strong><\/p>\n<p>Los 18 diputados de Provincias Unidas (el bloque mayoritario de Unidos) son:\u00a0<strong>Gisela Scaglia<\/strong>\u00a0(Santa Fe)<strong>, Ignacio Garc\u00eda Aresca\u00a0<\/strong>(C\u00f3rdoba),\u00a0<strong>Juan Schiaretti\u00a0<\/strong>(C\u00f3rdoba),\u00a0<strong>Mart\u00edn Lousteau<\/strong>\u00a0(CABA)<strong>, Carlos Guti\u00e9rrez\u00a0<\/strong>(C\u00f3rdoba),<strong>\u00a0Jorge Rizzotti\u00a0<\/strong>(Jujuy),\u00a0<strong>Pablo Juliano<\/strong>\u00a0(Buenos Aires),<strong>\u00a0Jos\u00e9 Nu\u00f1ez<\/strong>\u00a0(Santa Fe),\u00a0<strong>Sergio Capozzi\u00a0<\/strong>(R\u00edo Negro),<strong>\u00a0Carolina Basualdo\u00a0<\/strong>(C\u00f3rdoba),\u00a0<strong>Jorge \u00c1vila\u00a0<\/strong>(Chubut),\u00a0<strong>Mariela Coletta\u00a0<\/strong>(CABA),\u00a0<strong>Pablo Far\u00edas\u00a0<\/strong>(Santa Fe),\u00a0<strong>Esteban Paul\u00f3n\u00a0<\/strong>(Santa Fe),\u00a0<strong>Juan Br\u00fcgge\u00a0<\/strong>(C\u00f3rdoba),<strong>\u00a0Mar\u00eda In\u00e9s Zigar\u00e1n\u00a0<\/strong>(Jujuy),<strong>\u00a0Alejandra Torres<\/strong>\u00a0(C\u00f3rdoba)\u00a0<strong>y Lourdes Arrieta<\/strong>\u00a0(Mendoza),<strong>\u00a0<\/strong>quien sorprendi\u00f3 a propios y ajenos al integrarse a Unidos.<\/p>\n<h3>PRO + UCR + MID + Otros (22)<\/h3>\n<p>Los bloques del\u00a0<strong>PRO\u00a0<\/strong>y la\u00a0<strong>UCR<\/strong>, que quedaron muy diezmados a ra\u00edz de las elecciones de octubre pasado, se las ingeniaron al menos para armar un interbloque con el\u00a0<strong>MID\u00a0<\/strong>que tiene reminiscencias a la alianza Cambiemos y que empata en cantidad de miembros con el\u00a0<a href=\"https:\/\/noticiasargentinas.com\/politica\/diputados--se-conformo-el-interbloque--unidos--con-el-objetivo-de-contener-y-negociar-el-poder-de-la-libertad-avanza_a69307d8876ccfa999124319e\">interbloque\u00a0<strong>Unidos<\/strong><\/a>.<\/p>\n<p>Sinti\u00e9ndose traicionado por\u00a0<strong>Patricia Bullrich,\u00a0<\/strong>que le sac\u00f3 m\u00e1s de una decena de diputados nacionales en las \u00faltimas semanas, el jefe del bloque del PRO,\u00a0<strong>Cristian Ritondo,<\/strong>\u00a0debi\u00f3 maniobrar en poco tiempo para armar un interbloque con los restos de la UCR a fin de no quedar desdibujado en el mapa de la nueva C\u00e1mara de Diputados.<\/p>\n<p>Los \u00faltimos que soltaron amarras del PRO hab\u00edan sido el santafesino\u00a0<strong>Jos\u00e9 Nu\u00f1ez\u00a0<\/strong>y el rionegrino\u00a0<strong>Jorge Capozzi,<\/strong>\u00a0que partieron rumbo a Provincias Unidas.<\/p>\n<p>En la bancada amarilla, de apenas una docena de legisladores, se quedaron junto al presidente del PRO bonaerense\u00a0<strong>Alejandro Finnochiaro, Florencia de Sensi, Fernando de Andreis, Antonela Giampieri, Javier S\u00e1nchez, Mart\u00edn Ardohain, Emmanuel Bianchetti, \u00c1lvaro Gonz\u00e1lez, Daiana Fern\u00e1ndez Molero, An\u00edbal Tortoriello y Alicia Fregonese.\u00a0<\/strong><\/p>\n<p>El bloque la UCR, una sombra de lo que fue alguna vez, qued\u00f3 reducido a solamente seis integrantes filo oficialistas, ya que el resto de los pocos radicales que lograron sobrevivir al tsunami electoral de octubre migraron a Provincias Unidas, de perfil m\u00e1s opositor.<\/p>\n<p>La presidenta de la bancada UCR ser\u00e1\u00a0<strong>Pamela Verasay,\u00a0<\/strong>una mendocina que reporta al gobernador\u00a0<strong>Alfredo Cornejo.<\/strong><\/p>\n<p>El resto de los miembros son\u00a0<strong>Guillermo Ag\u00fcero, Gerardo Cipolini, Di\u00f3genes Gonz\u00e1lez, Lisandro Nieri y Dar\u00edo Schneider.<\/strong><\/p>\n<p>Al PRO y la UCR hay que computar dentro del interbloque a\u00a0<strong>Karina Banfi,<\/strong>\u00a0que rompi\u00f3 con el bloque de la UCR tras perder la disputa por la presidencia, al mencionado<strong>\u00a0Garrido\u00a0<\/strong>y a los dos diputados del MID\u00a0<strong>(Oscar Zago y Claudio Falcone).<\/strong><\/p>\n<h3>Innovaci\u00f3n Federal (7)<\/h3>\n<p>Este espacio liderado por salte\u00f1os y misioneros encar\u00f3 intensas tratativas para incorporar a otras provincias del Norte Grande, y tambi\u00e9n a los diputados del MID y Coherencia, con el objetivo e convertirse en tercera fuerza, pero las negociaciones volaron por el aire.<\/p>\n<p>Al final, se mantiene la misma estructura con la que ven\u00eda funcionando el bloque. Como presidente de bancada asumir\u00e1<strong>\u00a0Alberto Arr\u00faa\u00a0<\/strong>en reemplazo de<strong>\u00a0Pamela Calletti,\u00a0<\/strong>quien concluy\u00f3 mandato.<\/p>\n<p>Los restantes seis miembros son el ex gobenador de Misiones<strong>\u00a0Oscar Herrera Ahuad, Yolanda Vega, Pablo Outes, Bernardo Biella, Daniel Vancsik y Yamila Ruiz.<\/strong><\/p>\n<h3>Frente de Izquierda y de los Trabajadores Unidad (4)<\/h3>\n<p>El interbloque est\u00e1 compuesto por dos diputados nacionales del PTS,\u00a0<strong>Myriam Bregman\u00a0<\/strong>(jefa de interbloque) y\u00a0<strong>Nicol\u00e1s del Ca\u00f1o,<\/strong>\u00a0y dos del Partido Obrero,<strong>\u00a0Romina del Pl\u00e1 y N\u00e9stor Pitrola\u00a0<\/strong>(quien asumir\u00e1 por la renuncia de Christian \u201cChipi\u201d Castillo).<\/p>\n<h3>Los bloques m\u00e1s chicos<\/h3>\n<p><strong>Coherencia<\/strong>\u00a0(3): Marcela Pagano, Claudio \u00c1lvarez y Gerardo Gonz\u00e1lez<\/p>\n<p><strong>Independencia<\/strong>\u00a0(3): Gladys del Valle Medina, Elia Fern\u00e1ndez de Mansilla y Javier Noguera<\/p>\n<p><strong>Elijo Catamarca<\/strong>\u00a0(3): Sebasti\u00e1n N\u00f3blega, Fernando Monguillot y Fernanda \u00c1vila<\/p>\n<p><strong>Producci\u00f3n y Trabajo\u00a0<\/strong>(2): Nancy Pic\u00f3n Mart\u00ednez y Carlos Gustavo Jaime Quiroga<\/p>\n<p><strong>La Neuquinidad\u00a0<\/strong>(1): Karina Maureira<\/p>\n<p title=\"__IP__\" data-ipspy=\"__IP__\"><strong>Defendamos Santa Fe\u00a0<\/strong>(1): Natalia de la Sota<span data-nosnippet=\"\">__IP__<\/span><\/p>\n<p><strong>PJ San Luis\u00a0<\/strong>(1): Jorge \u201cGato\u201d Fern\u00e1ndez<\/p>\n","protected":false},"excerpt":{"rendered":"<p>La\u00a0radiograf\u00eda\u00a0precisa de la nueva\u00a0C\u00e1mara de Diputados\u00a0muestra a La Libertad Avanza como primera minor\u00eda, ganando mucho terreno respecto del ciclo cesante, seguido de cerca por\u00a0Uni\u00f3n por la Patria\u00a0que mantiene un volumen considerable. En tanto, el tablero del nuevo Congreso dej\u00f3 poco espacio para las opciones del medio, donde dos interbloques de igual tama\u00f1o se disputan la [&hellip;]<\/p>\n","protected":false},"author":3,"featured_media":117536,"comment_status":"open","ping_status":"open","sticky":false,"template":"","format":"standard","meta":{"footnotes":""},"categories":[7],"tags":[],"class_list":{"0":"post-117535","1":"post","2":"type-post","3":"status-publish","4":"format-standard","5":"has-post-thumbnail","7":"category-nac"},"_links":{"self":[{"href":"https:\/\/primicias2262.com\/noticias\/wp-json\/wp\/v2\/posts\/117535","targetHints":{"allow":["GET"]}}],"collection":[{"href":"https:\/\/primicias2262.com\/noticias\/wp-json\/wp\/v2\/posts"}],"about":[{"href":"https:\/\/primicias2262.com\/noticias\/wp-json\/wp\/v2\/types\/post"}],"author":[{"embeddable":true,"href":"https:\/\/primicias2262.com\/noticias\/wp-json\/wp\/v2\/users\/3"}],"replies":[{"embeddable":true,"href":"https:\/\/primicias2262.com\/noticias\/wp-json\/wp\/v2\/comments?post=117535"}],"version-history":[{"count":1,"href":"https:\/\/primicias2262.com\/noticias\/wp-json\/wp\/v2\/posts\/117535\/revisions"}],"predecessor-version":[{"id":117537,"href":"https:\/\/primicias2262.com\/noticias\/wp-json\/wp\/v2\/posts\/117535\/revisions\/117537"}],"wp:featuredmedia":[{"embeddable":true,"href":"https:\/\/primicias2262.com\/noticias\/wp-json\/wp\/v2\/media\/117536"}],"wp:attachment":[{"href":"https:\/\/primicias2262.com\/noticias\/wp-json\/wp\/v2\/media?parent=117535"}],"wp:term":[{"taxonomy":"category","embeddable":true,"href":"https:\/\/primicias2262.com\/noticias\/wp-json\/wp\/v2\/categories?post=117535"},{"taxonomy":"post_tag","embeddable":true,"href":"https:\/\/primicias2262.com\/noticias\/wp-json\/wp\/v2\/tags?post=117535"}],"curies":[{"name":"wp","href":"https:\/\/api.w.org\/{rel}","templated":true}]}}