{"id":117541,"date":"2025-12-04T22:03:58","date_gmt":"2025-12-04T22:03:58","guid":{"rendered":"https:\/\/primicias2262.com\/noticias\/?p=117541"},"modified":"2025-12-04T22:03:58","modified_gmt":"2025-12-04T22:03:58","slug":"el-pago-de-fin-de-ano-que-victoria-villarruel-otorgo-por-unica-vez-para-los-empleados-del-senado","status":"publish","type":"post","link":"https:\/\/primicias2262.com\/noticias\/el-pago-de-fin-de-ano-que-victoria-villarruel-otorgo-por-unica-vez-para-los-empleados-del-senado\/","title":{"rendered":"El pago de fin de a\u00f1o que Victoria Villarruel otorg\u00f3 por \u00fanica vez para los empleados del Senado"},"content":{"rendered":"<p>La presidenta del Senado,\u00a0<strong>Victoria Villarruel<\/strong>, otorg\u00f3 una suma por \u00fanica vez de 500 mil pesos a los empleados de la C\u00e1mara alta que no ser\u00e1 remunerativa ni tampoco bonificable, seg\u00fan supo la\u00a0<a href=\"https:\/\/noticiasargentinas.com\/politica\/el-pago-de-fin-de-ano-que-adopto-villarruel-para-los-empleados-del-senado_a6931e289dd3ed36fdd8840c4\"><strong>Agencia Noticias Argentinas<\/strong><\/a><strong>\u00a0<\/strong>de fuentes legislativas.<\/p>\n<p>De acuerdo a la resoluci\u00f3n a la que accedi\u00f3 esta agencia, los empleados percibir\u00e1n esa suma por \u00fanica vez en diciembre, siempre y cuando este a\u00f1o hayan realizado sus tareas durante seis meses, es decir que no se encuentran en comisi\u00f3n o en uso de licencia.<\/p>\n<p>El pago se efectuar\u00e1 al personal permanente, temporario y con reg\u00edmenes especiales, seg\u00fan pudo confirmar la\u00a0<strong>Agencia Noticias Argentinas<\/strong>.<\/p>\n<p>El art\u00edculo 2 de esa norma fija que se excluye del cobro de los 500 mil pesos al personal que \u201cno haya prestado servicios efectivos, como m\u00ednimo, durante SEIS (6) meses en el presente ejercicio y el que se encuentre en calidad de adscripto, en comisi\u00f3n de servicios o en uso de licencia extraordinaria\u201d.<\/p>\n<p>Adem\u00e1s establece que \u201ce<strong>l gasto que demande el cumplimiento de lo dispuesto en el presente se imputar\u00e1 a la partida correspondiente del presupuesto del Senado de la Naci\u00f3n<\/strong>\u201d.<\/p>\n<p title=\"__IP__\" data-ipspy=\"__IP__\">En los fundamentos de la resoluci\u00f3n, Villarruel se\u00f1al\u00f3 que \u201c<strong>es pol\u00edtica institucional de esta Presidencia del Honorable Senado de la Naci\u00f3n promover la mejora continua de las condiciones laborales<\/strong>, consolidar la carrera administrativa regulada por el Estatuto para el Personal del Congreso de la Naci\u00f3n y fortalecer de manera permanente el funcionamiento institucional- de \u00e9sta C\u00e1mara, reconociendo que el bienestar del personal constituye un componente esencial para la calidad, eficiencia y continuidad del servicio p\u00fablico parlamentario\u201d.<span data-nosnippet=\"\">__IP__<\/span><\/p>\n<p>Agreg\u00f3 que \u00a0el \u201cSenado se encuentra facultado para otorgar asignaciones extraordinarias o bonos de pago \u00fanico, como herramienta para atender circunstancias excepcionales o estacionales que impactan en el personal legislativo, sin modificar la estructura escalafonario. remunerativa b\u00e1sica del r\u00e9gimen\u201d.<\/p>\n<p>Destaca tambi\u00e9n que \u201clos ahorros presupuestarios implementados por esta gesti\u00f3n durante el presente a\u00f1o permiten hacer frente a la medida aqu\u00ed propiciada sin generar requerimientos adicionales para su financiamiento\u201d.<\/p>\n","protected":false},"excerpt":{"rendered":"<p>La presidenta del Senado,\u00a0Victoria Villarruel, otorg\u00f3 una suma por \u00fanica vez de 500 mil pesos a los empleados de la C\u00e1mara alta que no ser\u00e1 remunerativa ni tampoco bonificable, seg\u00fan supo la\u00a0Agencia Noticias Argentinas\u00a0de fuentes legislativas. De acuerdo a la resoluci\u00f3n a la que accedi\u00f3 esta agencia, los empleados percibir\u00e1n esa suma por \u00fanica vez [&hellip;]<\/p>\n","protected":false},"author":3,"featured_media":115870,"comment_status":"open","ping_status":"open","sticky":false,"template":"","format":"standard","meta":{"footnotes":""},"categories":[7],"tags":[],"class_list":{"0":"post-117541","1":"post","2":"type-post","3":"status-publish","4":"format-standard","5":"has-post-thumbnail","7":"category-nac"},"_links":{"self":[{"href":"https:\/\/primicias2262.com\/noticias\/wp-json\/wp\/v2\/posts\/117541","targetHints":{"allow":["GET"]}}],"collection":[{"href":"https:\/\/primicias2262.com\/noticias\/wp-json\/wp\/v2\/posts"}],"about":[{"href":"https:\/\/primicias2262.com\/noticias\/wp-json\/wp\/v2\/types\/post"}],"author":[{"embeddable":true,"href":"https:\/\/primicias2262.com\/noticias\/wp-json\/wp\/v2\/users\/3"}],"replies":[{"embeddable":true,"href":"https:\/\/primicias2262.com\/noticias\/wp-json\/wp\/v2\/comments?post=117541"}],"version-history":[{"count":1,"href":"https:\/\/primicias2262.com\/noticias\/wp-json\/wp\/v2\/posts\/117541\/revisions"}],"predecessor-version":[{"id":117542,"href":"https:\/\/primicias2262.com\/noticias\/wp-json\/wp\/v2\/posts\/117541\/revisions\/117542"}],"wp:featuredmedia":[{"embeddable":true,"href":"https:\/\/primicias2262.com\/noticias\/wp-json\/wp\/v2\/media\/115870"}],"wp:attachment":[{"href":"https:\/\/primicias2262.com\/noticias\/wp-json\/wp\/v2\/media?parent=117541"}],"wp:term":[{"taxonomy":"category","embeddable":true,"href":"https:\/\/primicias2262.com\/noticias\/wp-json\/wp\/v2\/categories?post=117541"},{"taxonomy":"post_tag","embeddable":true,"href":"https:\/\/primicias2262.com\/noticias\/wp-json\/wp\/v2\/tags?post=117541"}],"curies":[{"name":"wp","href":"https:\/\/api.w.org\/{rel}","templated":true}]}}