{"id":117543,"date":"2025-12-04T22:07:52","date_gmt":"2025-12-04T22:07:52","guid":{"rendered":"https:\/\/primicias2262.com\/noticias\/?p=117543"},"modified":"2025-12-04T22:07:52","modified_gmt":"2025-12-04T22:07:52","slug":"impacto-economico-que-busca-el-gobierno-al-incentivar-que-el-dinero-del-colchon-ingrese-a-la-economia-real","status":"publish","type":"post","link":"https:\/\/primicias2262.com\/noticias\/impacto-economico-que-busca-el-gobierno-al-incentivar-que-el-dinero-del-colchon-ingrese-a-la-economia-real\/","title":{"rendered":"Impacto econ\u00f3mico: qu\u00e9 busca el Gobierno al incentivar que el dinero del \u201ccolch\u00f3n\u201d ingrese a la econom\u00eda real"},"content":{"rendered":"<div class=\"columns\" data-tadevel-template=\"web\/article-columns\">\n<div class=\"column-main\">\n<div class=\"article-body\" data-tadevel-template=\"web\/article-body\">\n<div class=\"article-body-content\">\n<p>El<strong>\u00a0<\/strong>Gobierno buscar\u00e1 aprobar en las sesiones extraordinarias que se efectuar\u00e1n desde la pr\u00f3xima semana el proyecto de \u201cInocencia Fiscal\u201d, que busca dar certeza a los personas para que blanqueen el dinero no declarado en la econ\u00f3mica real.<\/p>\n<p>La iniciativa, que se tratar\u00e1 al mismo tiempo que el Presupuesto 2026, fue girada a la C\u00e1mara de Diputados en junio pero el oficialismo nunca lo habia puesto en tratamiento. Ahora, con la nueva conformaci\u00f3n del cuerpo, busca aprobar lo antes posible el proyecto para incentivar el uso del dinero \u201cguardado\u201d en el colch\u00f3n, seg\u00fan informaron fuentes legislativas a la\u00a0<a href=\"https:\/\/noticiasargentinas.com\/\">Agencia Noticias Argentinas.<\/a><\/p>\n<p>Si bien la prioridad es la sanci\u00f3n del proyecto de Presupuesto 2026, L<strong>a Libertad Avanza tambi\u00e9n quiere incluir el debate de este proyecto que es clave para que se pueda utilizar ese dinero no registrado en la econom\u00eda real, sin sufrir persecuciones de la Agencia de Recaudaci\u00f3n y Control Aduanero. \u00a0\u00a0<\/strong><\/p>\n<p>El proyecto ser\u00eda tratado entre jueves y viernes en un plenario de las comisiones de Presupuesto y Hacienda y de Legislaci\u00f3n Penal, que son los \u00fanicos organismos que se armar\u00e1n en esta primera etapa de las sesiones extraordinarias, se\u00f1alaron voceros del oficialismo a la\u00a0<strong>Agencia Noticias Argentinas<\/strong>.<\/p>\n<p>A la luz de la nueva conformaci\u00f3n del cuerpo que asumir\u00e1 en diciembre, el oficialismo tendr\u00e1 junto a sus aliados mayor\u00eda en las comisiones de Presupuesto y de Legislaci\u00f3n Penal, lo que le permitir\u00e1 entre el jueves y viernes f<strong>irmar el dictamen para tratar esa iniciativa el martes 16, junto a la ley de gastos y recursos<\/strong>.<\/p>\n<p>Las comisiones de Presupuesto y Legislaci\u00f3n Penal mantendr\u00e1n la misma conducci\u00f3n ya que seguir\u00e1n presididas por los libertarios\u00a0<strong>Alberto<\/strong>\u00a0\u2018<strong>Bertie\u2019 Benegas Lynch\u00a0<\/strong>y\u00a0<strong>Laura Rodr\u00edguez Machado<\/strong>, que era del PRO hasta noviembre y ahora se sum\u00f3 a las filas libertarias.<\/p>\n<h2>C\u00f3mo es el proyecto<\/h2>\n<p>La iniciativa que quiere sancionar el Gobierno cambia el criterio persecutorio de ARCA ya que no se recurrir\u00e1 a la Justicia ante inconsistencia en la declaraci\u00f3n jurada mientras se pague la deuda; se permitir\u00e1 ampliar el patrimonio sin que se deba dar explicaciones y se ampliar\u00e1n los montos para considerar que una persona cometi\u00f3 el delito de evasi\u00f3n.<\/p>\n<p>En ese sentido, la iniciativa aumenta el monto m\u00ednimo de dinero no declarado por encima del cual el Estado debe investigar por posible comisi\u00f3n de delito de<strong>\u00a0evasi\u00f3n simple,<\/strong>\u00a0al pasar de\u00a0<strong>$1.500.000 a $100.000.000.<\/strong><\/p>\n<p><strong>En tanto,\u00a0<\/strong>para que la conducta a investigar se considere de\u00a0<strong>\u201cevasi\u00f3n agravada<\/strong>\u201d, el piso tiene que superar los<strong>\u00a01.000 millones de pesos (ya no m\u00e1s 15 millones).<\/strong><\/p>\n<p>Por otra parte,\u00a0<strong>se reduce\u00a0<\/strong><strong>el plazo de prescripci\u00f3n de las obligaciones tributarias de cinco a tres a\u00f1os<\/strong>.<\/p>\n<p>ARCA no iniciar\u00e1 acciones penales siempre y cuando se cancelen las deudas y sus respectivos intereses, aunque este beneficio correr\u00e1 una sola vez por contribuyente.<\/p>\n<p>Si la denuncia no estuviera a\u00fan radicada, quedar\u00e1 extinguida en caso de que el contribuyente cancele esas obligaciones pagando un adicional del 50% dentro de los 30 d\u00edas h\u00e1biles desde la notificaci\u00f3n de la imputaci\u00f3n.<\/p>\n<p>En el punto donde si habr\u00e1 mas sanciones es cuando no se presenten las declaraciones juradas en t\u00e9rmino, ya que en la actualidad las penas son m\u00ednimas y ahora subir\u00e1n entre 250 mil a 400 mil pesos.<\/p>\n<p>La iniciativa crea un<strong>\u00a0R\u00e9gimen simplificado de Ganancias<\/strong>\u00a0por el cual, de acuerdo al Gobierno, los contribuyentes que adhieran quedar\u00e1n \u201cblindados para siempre\u201d.<\/p>\n<p>Este r\u00e9gimen, que tendr\u00e1 un tope patrimonial de hasta 10.000 millones de pesos para poder adherir,<strong>\u00a0garantiza a los contribuyentes no tener que informar sobre variaciones patrimoniales, y tampoco se controlar\u00e1n los consumos que hagan.<\/strong><\/p>\n<p>Esto implica que\u00a0<strong>ARCA s\u00f3lo les cobrar\u00e1 el impuesto a las Ganancias por los ingresos que hayan facturado,<\/strong>\u00a0independientemente del eventual crecimiento patrimonial (que no ser\u00e1 controlado) y\u00a0<strong>de esa base<\/strong>\u00a0<strong>se deducir\u00e1n los consumos.<\/strong><\/p>\n<figure class=\"multimedia\" data-html=\"\" data-tadevel-template=\"web\/multimedia\" data-type=\"rich\" data-url=\"https:\/\/noticiasargentinas.com\/politica\/martin-menem-senala-que-el-presupuesto-2026-sera-la-prioridad-en-el-congreso_a691a81275a069656daf4c187\">\n<div class=\"content\"><iframe src=\"https:\/\/alpha-app.tadevel-cdn.com\/hostname\/noticiasargentinas.com\/api\/v1\/sandbox\/PGRpdiBjbGFzcz0iaWZyYW1lbHktZW1iZWQiPjxkaXYgY2xhc3M9ImlmcmFtZWx5LXJlc3BvbnNpdmUiIHN0eWxlPSJwYWRkaW5nLWJvdHRvbTogNTIuMzMzMyU7IHBhZGRpbmctdG9wOiAxMjBweDsiPjxhIGhyZWY9Imh0dHBzOi8vbm90aWNpYXNhcmdlbnRpbmFzLmNvbS9wb2xpdGljYS9tYXJ0aW4tbWVuZW0tc2VuYWxhLXF1ZS1lbC1wcmVzdXB1ZXN0by0yMDI2LXNlcmEtbGEtcHJpb3JpZGFkLWVuLWVsLWNvbmdyZXNvX2E2OTFhODEyNzVhMDY5NjU2ZGFmNGMxODciIGRhdGEtaWZyYW1lbHktdXJsPSIvL2lmLWNkbi5jb20vejdTVEFOcTU%2FY29uc2VudD0wIj48L2E%2BPC9kaXY%2BPC9kaXY%2BPHNjcmlwdCBhc3luYyBzcmM9Ii8vaWYtY2RuLmNvbS9lbWJlZC5qcyIgY2hhcnNldD0idXRmLTgiPjwvc2NyaXB0Pg%3D%3D?v=a9ffc64acda08c6d0d82be75a8b50f37&amp;s=139d8a5b8269b50477b5016f5754d31e\" scrolling=\"no\" sandbox=\"allow-scripts allow-forms allow-same-origin allow-popups allow-popups-to-escape-sandbox\" data-mce-fragment=\"1\"><\/iframe><\/div><figcaption class=\"caption\">\n<div class=\"description\">Mart\u00edn Menem se\u00f1ala que el Presupuesto 2026 ser\u00e1 la prioridad en el Congreso<\/div>\n<div class=\"attribution\"><\/div>\n<\/figcaption><\/figure>\n<p>El art\u00edculo 39 del proyecto \u00abestablece el efecto liberatorio del pago, si se acepta el contenido de la declaraci\u00f3n jurada propuesta por ARCA y se realiza el pago en t\u00e9rmino; excepto que se hayan omitido ingresos\u00bb.<\/p>\n<h2>Los detalles<\/h2>\n<p title=\"__IP__\" data-ipspy=\"__IP__\">En otro orden, el proyecto del Gobierno prev\u00e9 unificar los plazos de prescripci\u00f3n en materia tributaria provincial, municipal y de CABA, los que se regir\u00e1n por lo dispuesto en la\u00a0<strong>Ley Nacional de Procedimiento Fiscal,\u00a0<\/strong>por lo que se eliminan los poderes locales para regir en la materia.<\/p>\n<p>Por otro lado, se busca\u00a0<strong>reducir el plazo de prescripci\u00f3n de 10 a 5 a\u00f1os en materia de seguridad social y obras sociales.\u00a0<\/strong><\/p>\n<p>Es decir que se reduce a la mitad el plazo para que el fisco pueda reclamar por obligaciones no cumplidas.<\/p>\n<\/div>\n<\/div>\n<\/div>\n<\/div>\n","protected":false},"excerpt":{"rendered":"<p>El\u00a0Gobierno buscar\u00e1 aprobar en las sesiones extraordinarias que se efectuar\u00e1n desde la pr\u00f3xima semana el proyecto de \u201cInocencia Fiscal\u201d, que busca dar certeza a los personas para que blanqueen el dinero no declarado en la econ\u00f3mica real. La iniciativa, que se tratar\u00e1 al mismo tiempo que el Presupuesto 2026, fue girada a la C\u00e1mara de [&hellip;]<\/p>\n","protected":false},"author":3,"featured_media":109217,"comment_status":"open","ping_status":"open","sticky":false,"template":"","format":"standard","meta":{"footnotes":""},"categories":[7],"tags":[],"class_list":{"0":"post-117543","1":"post","2":"type-post","3":"status-publish","4":"format-standard","5":"has-post-thumbnail","7":"category-nac"},"_links":{"self":[{"href":"https:\/\/primicias2262.com\/noticias\/wp-json\/wp\/v2\/posts\/117543","targetHints":{"allow":["GET"]}}],"collection":[{"href":"https:\/\/primicias2262.com\/noticias\/wp-json\/wp\/v2\/posts"}],"about":[{"href":"https:\/\/primicias2262.com\/noticias\/wp-json\/wp\/v2\/types\/post"}],"author":[{"embeddable":true,"href":"https:\/\/primicias2262.com\/noticias\/wp-json\/wp\/v2\/users\/3"}],"replies":[{"embeddable":true,"href":"https:\/\/primicias2262.com\/noticias\/wp-json\/wp\/v2\/comments?post=117543"}],"version-history":[{"count":1,"href":"https:\/\/primicias2262.com\/noticias\/wp-json\/wp\/v2\/posts\/117543\/revisions"}],"predecessor-version":[{"id":117544,"href":"https:\/\/primicias2262.com\/noticias\/wp-json\/wp\/v2\/posts\/117543\/revisions\/117544"}],"wp:featuredmedia":[{"embeddable":true,"href":"https:\/\/primicias2262.com\/noticias\/wp-json\/wp\/v2\/media\/109217"}],"wp:attachment":[{"href":"https:\/\/primicias2262.com\/noticias\/wp-json\/wp\/v2\/media?parent=117543"}],"wp:term":[{"taxonomy":"category","embeddable":true,"href":"https:\/\/primicias2262.com\/noticias\/wp-json\/wp\/v2\/categories?post=117543"},{"taxonomy":"post_tag","embeddable":true,"href":"https:\/\/primicias2262.com\/noticias\/wp-json\/wp\/v2\/tags?post=117543"}],"curies":[{"name":"wp","href":"https:\/\/api.w.org\/{rel}","templated":true}]}}