{"id":117545,"date":"2025-12-05T16:56:37","date_gmt":"2025-12-05T16:56:37","guid":{"rendered":"https:\/\/primicias2262.com\/noticias\/?p=117545"},"modified":"2025-12-09T22:11:24","modified_gmt":"2025-12-09T22:11:24","slug":"el-15-de-diciembre-comienza-a-regir-el-estacionamiento-medido-en-la-zona-de-playa","status":"publish","type":"post","link":"https:\/\/primicias2262.com\/noticias\/el-15-de-diciembre-comienza-a-regir-el-estacionamiento-medido-en-la-zona-de-playa\/","title":{"rendered":"El 15 de diciembre comienza a regir el Estacionamiento Medido en la zona de playa"},"content":{"rendered":"<p><strong>La Municipalidad de Necochea inform\u00f3 que el pr\u00f3ximo lunes 15 de diciembre entrar\u00e1 en vigencia el Sistema de Estacionamiento Medido (SEM) en el sector de la Villa Balnearia, tal como sucede cada temporada estival. As\u00ed lo confirm\u00f3 el director de Relaciones con la Comunidad, Yamil Haedo, en di\u00e1logo con el periodista Jorge G\u00f3mez en el programa Voces de la Ciudad, que se emite por Estaci\u00f3n FREE, 90.3.<\/strong><!--more--><\/p>\n<p>\u201cArrancamos como todos los a\u00f1os el estacionamiento medido en la zona de la playa; vamos a tener la oficina en avenidas 2 y 79 y el sistema va a estar funcionando en el horario de 11 a 23\u201d, detall\u00f3 Haedo. El funcionario remarc\u00f3 que el horario sufri\u00f3 una modificaci\u00f3n positiva respecto a a\u00f1os anteriores: \u201cAntes el SEM playa arrancaba a las 9 de la ma\u00f1ana, pero era un pedido de muchos turistas que quer\u00edan descansar hasta m\u00e1s tarde, y decidimos que la gente pueda empezar a cargar reci\u00e9n a partir de las 11, lo cual fue muy bien recibido\u201d.<\/p>\n<p>El \u00e1rea de aplicaci\u00f3n ser\u00e1 la misma que la de la temporada pasada: abarcar\u00e1 la avenida 2 desde el Casino hasta la calle 73, y desde Av. 2 hasta el borde de la Av. 10, la cual queda eximida del pago. El servicio estar\u00e1 vigente hasta el 28 de febrero.<\/p>\n<p>Haedo se\u00f1al\u00f3 que unos 20 inspectores \u2014identificados con remeras del SEM\u2014 trabajar\u00e1n en dos turnos, y est\u00e1n siendo instruidos para la tarea. Adem\u00e1s, funcionar\u00e1n alrededor de 25 puntos de venta distribuidos en el sector.<\/p>\n<p>Asimismo, se mantendr\u00e1 y reforzar\u00e1 la modalidad de cobro digital: \u201cHay que recordar que en los carteles colocados en la v\u00eda p\u00fablica est\u00e1n los c\u00f3digos QR para poder escanear y pagar a trav\u00e9s de la plataforma. Las dos aplicaciones se unificaron y ahora tendremos una sola\u201d, explic\u00f3.<\/p>\n<p>El director confirm\u00f3 que el valor del estacionamiento se mantendr\u00e1 en 400 pesos durante toda la temporada. \u201cTendremos paquetes tur\u00edsticos para que la gente pueda pagar por los d\u00edas que quiera\u201d, adelant\u00f3.<\/p>\n<p>Tambi\u00e9n asegur\u00f3 que, una vez finalizado el verano, el mismo valor continuar\u00e1 vigente para el SEM en el centro de la ciudad durante el resto del a\u00f1o.<\/p>\n<p>Con estos ajustes, el Municipio busca ordenar el tr\u00e1nsito, ofrecer mayor comodidad a turistas y vecinos, y simplificar los mecanismos de pago en el sector m\u00e1s concurrido de Necochea durante el verano.<\/p>\n","protected":false},"excerpt":{"rendered":"<p>La Municipalidad de Necochea inform\u00f3 que el pr\u00f3ximo lunes 15 de diciembre entrar\u00e1 en vigencia el Sistema de Estacionamiento Medido (SEM) en el sector de la Villa Balnearia, tal como sucede cada temporada estival. As\u00ed lo confirm\u00f3 el director de Relaciones con la Comunidad, Yamil Haedo, en di\u00e1logo con el periodista Jorge G\u00f3mez en el [&hellip;]<\/p>\n","protected":false},"author":3,"featured_media":112960,"comment_status":"open","ping_status":"open","sticky":false,"template":"","format":"standard","meta":{"footnotes":""},"categories":[3],"tags":[],"class_list":{"0":"post-117545","1":"post","2":"type-post","3":"status-publish","4":"format-standard","5":"has-post-thumbnail","7":"category-masnoticias"},"_links":{"self":[{"href":"https:\/\/primicias2262.com\/noticias\/wp-json\/wp\/v2\/posts\/117545","targetHints":{"allow":["GET"]}}],"collection":[{"href":"https:\/\/primicias2262.com\/noticias\/wp-json\/wp\/v2\/posts"}],"about":[{"href":"https:\/\/primicias2262.com\/noticias\/wp-json\/wp\/v2\/types\/post"}],"author":[{"embeddable":true,"href":"https:\/\/primicias2262.com\/noticias\/wp-json\/wp\/v2\/users\/3"}],"replies":[{"embeddable":true,"href":"https:\/\/primicias2262.com\/noticias\/wp-json\/wp\/v2\/comments?post=117545"}],"version-history":[{"count":3,"href":"https:\/\/primicias2262.com\/noticias\/wp-json\/wp\/v2\/posts\/117545\/revisions"}],"predecessor-version":[{"id":117551,"href":"https:\/\/primicias2262.com\/noticias\/wp-json\/wp\/v2\/posts\/117545\/revisions\/117551"}],"wp:featuredmedia":[{"embeddable":true,"href":"https:\/\/primicias2262.com\/noticias\/wp-json\/wp\/v2\/media\/112960"}],"wp:attachment":[{"href":"https:\/\/primicias2262.com\/noticias\/wp-json\/wp\/v2\/media?parent=117545"}],"wp:term":[{"taxonomy":"category","embeddable":true,"href":"https:\/\/primicias2262.com\/noticias\/wp-json\/wp\/v2\/categories?post=117545"},{"taxonomy":"post_tag","embeddable":true,"href":"https:\/\/primicias2262.com\/noticias\/wp-json\/wp\/v2\/tags?post=117545"}],"curies":[{"name":"wp","href":"https:\/\/api.w.org\/{rel}","templated":true}]}}