{"id":117547,"date":"2025-12-05T16:50:39","date_gmt":"2025-12-05T16:50:39","guid":{"rendered":"https:\/\/primicias2262.com\/noticias\/?p=117547"},"modified":"2025-12-09T22:12:23","modified_gmt":"2025-12-09T22:12:23","slug":"mariela-maceiro-culmina-su-mandato-y-repasa-su-experiencia-como-concejal-en-necochea","status":"publish","type":"post","link":"https:\/\/primicias2262.com\/noticias\/mariela-maceiro-culmina-su-mandato-y-repasa-su-experiencia-como-concejal-en-necochea\/","title":{"rendered":"Mariela Maceiro culmina su mandato y repasa su experiencia como concejal en Necochea"},"content":{"rendered":"<p>La concejal Mariela Maceiro, quien ocupa una banca unipersonal por Compromiso Vecinal por Necochea, transita sus \u00faltimos d\u00edas como edil en el Honorable Concejo Deliberante. La pr\u00f3xima semana finalizar\u00e1 su mandato, tras cuatro a\u00f1os de labor legislativa, y realiz\u00f3 un balance de su gesti\u00f3n en di\u00e1logo con el periodista Jorge G\u00f3mez, en el programa Voces de la Ciudad por Estaci\u00f3n FREE 90.3.<\/p>\n<p>\u201cPara m\u00ed fue una experiencia espectacular, m\u00e1s all\u00e1 de que yo no ven\u00eda militando en pol\u00edtica. Fue una gran experiencia, de mucho aprendizaje. Uno constantemente se tiene que formar y leer de todo\u201d, expres\u00f3 Maceiro, licenciada en Ciencias de la Educaci\u00f3n. Durante su paso por el Concejo, asegur\u00f3 haber participado en todas las comisiones y debatido diversos temas, realizando aportes \u201ca partir del estudio y del conocer, m\u00e1s all\u00e1 del \u00e1mbito en que me desenvuelvo\u201d.<\/p>\n<p>La edil destac\u00f3 que trabajar adentro del cuerpo deliberativo es muy distinto a verlo desde afuera. \u201cUno piensa que puede hacer un mont\u00f3n de cosas, es la idea del vecino com\u00fan, pero hasta que se interioriza c\u00f3mo funciona el Concejo Deliberante y cu\u00e1les son nuestras limitaciones como cuerpo legislativo, donde la tarea es muy diferente a la del Ejecutivo\u201d, sostuvo.<\/p>\n<p>En ese sentido, remarc\u00f3 el rol de control sobre la administraci\u00f3n municipal: \u201cEn nuestra funci\u00f3n controlamos qu\u00e9 se hace con los recursos del vecino, las ordenanzas, proyectos de resoluci\u00f3n y pedidos de explicaciones mediante minutas, pero tenemos ciertas limitaciones porque la \u00faltima palabra y el que decide es el Ejecutivo\u201d.<\/p>\n<p>Tambi\u00e9n subray\u00f3 que uno de los desaf\u00edos m\u00e1s frecuentes est\u00e1 relacionado con la escasez de recursos: \u201cEl vecino muchas veces piensa que se pueden hacer un mont\u00f3n de cuestiones, pero no sabe resolver con qu\u00e9 recursos, y eso tambi\u00e9n es una gran dificultad que atravesamos, m\u00e1s en esta \u00e9poca en la que no hay recursos y hay que hacer maravillas con lo que se tiene\u201d.<\/p>\n<p><strong>El Casino y el debate sobre los costos<\/strong><\/p>\n<p>Entre los temas que ocuparon parte de su gesti\u00f3n, Maceiro mencion\u00f3 el impacto econ\u00f3mico que genera el mantenimiento del hist\u00f3rico Casino. \u201cFui a buscar los n\u00fameros del gasto del personal, me dieron el listado: son 8 personas para tremenda estructura de tres hect\u00e1reas, con el peligro que eso conlleva\u201d, precis\u00f3.<\/p>\n<p>La concejal detall\u00f3 que, entre enero y octubre, la Municipalidad \u201cgasta m\u00e1s de 100 millones de pesos solamente en personal para realizar recorridas durante todo el d\u00eda\u201d, a lo que se suma \u201cun proyectado de 150 millones al a\u00f1o en luz\u201d. Seg\u00fan explic\u00f3, el gasto anual del edificio asciende a alrededor de 263 millones de pesos entre personal y energ\u00eda, dinero que \u2014consider\u00f3\u2014 \u201cse podr\u00eda invertir tranquilamente en otras cosas de la ciudad\u201d.<\/p>\n<p>Vale recordar que Maceiro ingres\u00f3 al Concejo Deliberante como electa por la Agrupaci\u00f3n Comunal Transformadora, y luego decidi\u00f3 conformar un bloque unipersonal. Con el cierre de su ciclo legislativo, expuso su satisfacci\u00f3n por el aprendizaje adquirido y su compromiso con el control y el debate en el \u00e1mbito institucional local.<\/p>\n","protected":false},"excerpt":{"rendered":"<p>La concejal Mariela Maceiro, quien ocupa una banca unipersonal por Compromiso Vecinal por Necochea, transita sus \u00faltimos d\u00edas como edil en el Honorable Concejo Deliberante. La pr\u00f3xima semana finalizar\u00e1 su mandato, tras cuatro a\u00f1os de labor legislativa, y realiz\u00f3 un balance de su gesti\u00f3n en di\u00e1logo con el periodista Jorge G\u00f3mez, en el programa Voces [&hellip;]<\/p>\n","protected":false},"author":3,"featured_media":113387,"comment_status":"open","ping_status":"open","sticky":false,"template":"","format":"standard","meta":{"footnotes":""},"categories":[3],"tags":[],"class_list":{"0":"post-117547","1":"post","2":"type-post","3":"status-publish","4":"format-standard","5":"has-post-thumbnail","7":"category-masnoticias"},"_links":{"self":[{"href":"https:\/\/primicias2262.com\/noticias\/wp-json\/wp\/v2\/posts\/117547","targetHints":{"allow":["GET"]}}],"collection":[{"href":"https:\/\/primicias2262.com\/noticias\/wp-json\/wp\/v2\/posts"}],"about":[{"href":"https:\/\/primicias2262.com\/noticias\/wp-json\/wp\/v2\/types\/post"}],"author":[{"embeddable":true,"href":"https:\/\/primicias2262.com\/noticias\/wp-json\/wp\/v2\/users\/3"}],"replies":[{"embeddable":true,"href":"https:\/\/primicias2262.com\/noticias\/wp-json\/wp\/v2\/comments?post=117547"}],"version-history":[{"count":1,"href":"https:\/\/primicias2262.com\/noticias\/wp-json\/wp\/v2\/posts\/117547\/revisions"}],"predecessor-version":[{"id":117552,"href":"https:\/\/primicias2262.com\/noticias\/wp-json\/wp\/v2\/posts\/117547\/revisions\/117552"}],"wp:featuredmedia":[{"embeddable":true,"href":"https:\/\/primicias2262.com\/noticias\/wp-json\/wp\/v2\/media\/113387"}],"wp:attachment":[{"href":"https:\/\/primicias2262.com\/noticias\/wp-json\/wp\/v2\/media?parent=117547"}],"wp:term":[{"taxonomy":"category","embeddable":true,"href":"https:\/\/primicias2262.com\/noticias\/wp-json\/wp\/v2\/categories?post=117547"},{"taxonomy":"post_tag","embeddable":true,"href":"https:\/\/primicias2262.com\/noticias\/wp-json\/wp\/v2\/tags?post=117547"}],"curies":[{"name":"wp","href":"https:\/\/api.w.org\/{rel}","templated":true}]}}