{"id":117565,"date":"2025-12-05T20:13:28","date_gmt":"2025-12-05T20:13:28","guid":{"rendered":"https:\/\/primicias2262.com\/noticias\/?p=117565"},"modified":"2025-12-09T22:10:59","modified_gmt":"2025-12-09T22:10:59","slug":"necochea-recibe-al-seven-de-hockey-queremos-potenciar-este-tipo-de-eventos-que-tanto-ayudan-al-turismo","status":"publish","type":"post","link":"https:\/\/primicias2262.com\/noticias\/necochea-recibe-al-seven-de-hockey-queremos-potenciar-este-tipo-de-eventos-que-tanto-ayudan-al-turismo\/","title":{"rendered":"Necochea recibe al Seven de hockey: \u201cQueremos potenciar este tipo de eventos que tanto ayudan al turismo\u201d"},"content":{"rendered":"<p><strong>La ciudad es sede este fin de semana de un encuentro masivo de hockey que trasciende la frontera local, mientras que en simult\u00e1neo habr\u00e1 muchas actividades por el \u2018finde\u2019 largo.<\/strong><\/p>\n<p>En v\u00edsperas al primer fin de semana de diciembre, que se extender\u00e1 por el feriado del lunes, una agenda con variados eventos se impone en la ciudad, entre ellos el Seven de la Costa de hockey, con sede en el Polideportivo Municipal para este s\u00e1bado 6 y domingo 7.<\/p>\n<p>En virtud de ello, el secretario de Turismo y Desarrollo Productivo, Mat\u00edas Sierra, resalt\u00f3 que \u201ces un evento que nos sentimos orgullosos de tener en la ciudad y que se pueda realizar en Necochea por primera vez. Alrededor de 400 personas estar\u00e1 participando en torno a este abierto que es el Seven de la Costa\u201d.<\/p>\n<p>Los equipos provenientes de diferentes provincias y ciudades del pa\u00eds competir\u00e1n durante s\u00e1bado y domingo, y el domingo alrededor de las 17 ser\u00e1 la premiaci\u00f3n en el sint\u00e9tico municipal.<\/p>\n<p>Al respecto, Sierra destac\u00f3 que \u201cvenimos trabajando hace cinco meses con esto junto al Club N\u00e1utico para que se pueda desarrollar en la ciudad por primera vez\u201d, para concluir que \u201cqueremos potenciar este tipo de eventos deportivos que tanto ayudan al turismo\u201d.<\/p>\n<p>Pero no solo estar\u00e1 la movida del hockey este fin de semana, sino que en la agenda tur\u00edstica tambi\u00e9n se anuncian las siguientes actividades:<\/p>\n<ul class=\"wp-block-list\">\n<li>S\u00e1bado 6 \u2013 20 hs: Festival de Artes \u201c\u00bfDe qu\u00e9 viven\u201d, Anfiteatro del Parque Miguel Lillo, con entrada gratuita.<\/li>\n<li>S\u00e1bado 6 al domingo 8 \u2013 16 hs.: Expo Navide\u00f1a, Plaza Dardo Rocha.<\/li>\n<li>Domingo 7 \u2013 8 a 19 hs.: Torneo de Artes marciales, Polideportivo Municipal.<\/li>\n<li>Domingo 7 \u2013 9 hs.: Triatlon Short \u201cMalvinas Argentinas\u201d, Complejo Necopesca 58 y ribera.<\/li>\n<li>Lunes 8 \u2013 20 hs.: Concierto navide\u00f1o, encendido del \u00c1rbol de Navidad, Plaza Dardo Rocha.<\/li>\n<\/ul>\n","protected":false},"excerpt":{"rendered":"<p>La ciudad es sede este fin de semana de un encuentro masivo de hockey que trasciende la frontera local, mientras que en simult\u00e1neo habr\u00e1 muchas actividades por el \u2018finde\u2019 largo. En v\u00edsperas al primer fin de semana de diciembre, que se extender\u00e1 por el feriado del lunes, una agenda con variados eventos se impone en [&hellip;]<\/p>\n","protected":false},"author":3,"featured_media":117566,"comment_status":"open","ping_status":"open","sticky":false,"template":"","format":"standard","meta":{"footnotes":""},"categories":[3],"tags":[],"class_list":{"0":"post-117565","1":"post","2":"type-post","3":"status-publish","4":"format-standard","5":"has-post-thumbnail","7":"category-masnoticias"},"_links":{"self":[{"href":"https:\/\/primicias2262.com\/noticias\/wp-json\/wp\/v2\/posts\/117565","targetHints":{"allow":["GET"]}}],"collection":[{"href":"https:\/\/primicias2262.com\/noticias\/wp-json\/wp\/v2\/posts"}],"about":[{"href":"https:\/\/primicias2262.com\/noticias\/wp-json\/wp\/v2\/types\/post"}],"author":[{"embeddable":true,"href":"https:\/\/primicias2262.com\/noticias\/wp-json\/wp\/v2\/users\/3"}],"replies":[{"embeddable":true,"href":"https:\/\/primicias2262.com\/noticias\/wp-json\/wp\/v2\/comments?post=117565"}],"version-history":[{"count":1,"href":"https:\/\/primicias2262.com\/noticias\/wp-json\/wp\/v2\/posts\/117565\/revisions"}],"predecessor-version":[{"id":117567,"href":"https:\/\/primicias2262.com\/noticias\/wp-json\/wp\/v2\/posts\/117565\/revisions\/117567"}],"wp:featuredmedia":[{"embeddable":true,"href":"https:\/\/primicias2262.com\/noticias\/wp-json\/wp\/v2\/media\/117566"}],"wp:attachment":[{"href":"https:\/\/primicias2262.com\/noticias\/wp-json\/wp\/v2\/media?parent=117565"}],"wp:term":[{"taxonomy":"category","embeddable":true,"href":"https:\/\/primicias2262.com\/noticias\/wp-json\/wp\/v2\/categories?post=117565"},{"taxonomy":"post_tag","embeddable":true,"href":"https:\/\/primicias2262.com\/noticias\/wp-json\/wp\/v2\/tags?post=117565"}],"curies":[{"name":"wp","href":"https:\/\/api.w.org\/{rel}","templated":true}]}}