{"id":117568,"date":"2025-12-09T20:12:54","date_gmt":"2025-12-09T20:12:54","guid":{"rendered":"https:\/\/primicias2262.com\/noticias\/?p=117568"},"modified":"2025-12-11T00:24:00","modified_gmt":"2025-12-11T00:24:00","slug":"rojas-cuestiono-la-cautelar-que-frena-la-tasa-portuaria-los-vecinos-terminan-subsidiando-a-uno-de-los-sectores-mas-poderosos-del-pais","status":"publish","type":"post","link":"https:\/\/primicias2262.com\/noticias\/rojas-cuestiono-la-cautelar-que-frena-la-tasa-portuaria-los-vecinos-terminan-subsidiando-a-uno-de-los-sectores-mas-poderosos-del-pais\/","title":{"rendered":"Rojas cuestion\u00f3 la cautelar que frena la tasa portuaria: \u201cLos vecinos terminan subsidiando a uno de los sectores m\u00e1s poderosos del pa\u00eds\u201d"},"content":{"rendered":"<p><strong>El intendente Arturo Rojas volvi\u00f3 a expresar su preocupaci\u00f3n por la medida cautelar que frena la aplicaci\u00f3n de la Tasa Solidaria por Mantenimiento Diferenciado de la Red Vial, conocida como tasa portuaria, al considerar que la resoluci\u00f3n judicial beneficia directamente a las terminales de Puerto Quequ\u00e9n y perjudica a los vecinos de Necochea y Quequ\u00e9n. El jefe comunal se refiri\u00f3 al tema en di\u00e1logo con el periodista Jorge G\u00f3mez en Voces de la Ciudad, programa emitido por Estaci\u00f3n FREE, 90.3 FM.<\/strong><\/p>\n<p>Rojas explic\u00f3 que el municipio estaba \u201ca un paso\u201d de ejecutar los t\u00edtulos de deuda y avanzar con los embargos correspondientes, lo que le habr\u00eda permitido al distrito cobrar de inmediato los montos adeudados y abrir una etapa de renegociaci\u00f3n. \u201cEsos fondos iban a ser volcados a la reparaci\u00f3n de las calles de tierra y asfalto de Necochea y Quequ\u00e9n, especialmente en los sectores donde circula la mayor parte de la producci\u00f3n\u201d, se\u00f1al\u00f3.<\/p>\n<p>El intendente revel\u00f3 que el municipio tiene elaborado un plan de pavimentaci\u00f3n para m\u00e1s de 30 cuadras de Quequ\u00e9n, aunque opt\u00f3 por no anunciarlo hasta tanto exista la certeza de contar con los recursos afectados provenientes de la tasa. \u201cLamentablemente, con la medida cautelar a favor de las terminales portuarias, los vecinos siguen subsidiando a uno de los sectores m\u00e1s poderosos de Argentina, que adem\u00e1s es el que mayor da\u00f1o produce en nuestras calles con la enorme circulaci\u00f3n de camiones hacia el puerto y los acopios\u201d, afirm\u00f3.<\/p>\n<p>Rojas tambi\u00e9n cuestion\u00f3 los fundamentos del fallo del juez Dr. Herrera, recordando que en agosto el mismo magistrado hab\u00eda rechazado una cautelar con argumentos opuestos. \u201cCuando uno mira los fallos, en agosto dec\u00eda una cosa y unos meses despu\u00e9s aparece algo que parece escrito por otra persona. Es llamativo, raro, y claramente va en contra de los intereses de los vecinos de Quequ\u00e9n y a favor de las terminales\u201d, plante\u00f3 el intendente.<\/p>\n<p>Indic\u00f3 que el municipio seguir\u00e1 los caminos legales correspondientes. \u201cHaremos todo lo que tenemos que hacer, vamos a apelar para cobrar lo que es justo para los vecinos\u201d, asegur\u00f3.<\/p>\n<p>El jefe comunal advirti\u00f3 que, sin los recursos de la tasa, el municipio podr\u00eda llegar a un punto cr\u00edtico en el mantenimiento vial. \u201cVa a llegar un momento en que ya no vamos a poder hacer el repaso y las calles quedar\u00e1n directamente anuladas para el paso de la producci\u00f3n\u201d, alert\u00f3.<\/p>\n<p>Adem\u00e1s, desminti\u00f3 versiones que apuntan a que los fondos de la tasa ir\u00edan a rentas generales. \u201cNo es as\u00ed. La ordenanza est\u00e1 planteada con recursos afectados, exclusivamente destinados a reparar el da\u00f1o que genera el tr\u00e1nsito pesado\u201d, aclar\u00f3.<\/p>\n<p>Rojas insisti\u00f3 en que espera que finalmente pueda encontrarse una soluci\u00f3n a trav\u00e9s del di\u00e1logo, pero remarc\u00f3 que el municipio no dejar\u00e1 de reclamar lo que considera leg\u00edtimo para garantizar el mantenimiento de las calles y la calidad de vida de los vecinos.<\/p>\n","protected":false},"excerpt":{"rendered":"<p>El intendente Arturo Rojas volvi\u00f3 a expresar su preocupaci\u00f3n por la medida cautelar que frena la aplicaci\u00f3n de la Tasa Solidaria por Mantenimiento Diferenciado de la Red Vial, conocida como tasa portuaria, al considerar que la resoluci\u00f3n judicial beneficia directamente a las terminales de Puerto Quequ\u00e9n y perjudica a los vecinos de Necochea y Quequ\u00e9n. [&hellip;]<\/p>\n","protected":false},"author":3,"featured_media":106737,"comment_status":"open","ping_status":"open","sticky":false,"template":"","format":"standard","meta":{"footnotes":""},"categories":[3],"tags":[],"class_list":{"0":"post-117568","1":"post","2":"type-post","3":"status-publish","4":"format-standard","5":"has-post-thumbnail","7":"category-masnoticias"},"_links":{"self":[{"href":"https:\/\/primicias2262.com\/noticias\/wp-json\/wp\/v2\/posts\/117568","targetHints":{"allow":["GET"]}}],"collection":[{"href":"https:\/\/primicias2262.com\/noticias\/wp-json\/wp\/v2\/posts"}],"about":[{"href":"https:\/\/primicias2262.com\/noticias\/wp-json\/wp\/v2\/types\/post"}],"author":[{"embeddable":true,"href":"https:\/\/primicias2262.com\/noticias\/wp-json\/wp\/v2\/users\/3"}],"replies":[{"embeddable":true,"href":"https:\/\/primicias2262.com\/noticias\/wp-json\/wp\/v2\/comments?post=117568"}],"version-history":[{"count":1,"href":"https:\/\/primicias2262.com\/noticias\/wp-json\/wp\/v2\/posts\/117568\/revisions"}],"predecessor-version":[{"id":117571,"href":"https:\/\/primicias2262.com\/noticias\/wp-json\/wp\/v2\/posts\/117568\/revisions\/117571"}],"wp:featuredmedia":[{"embeddable":true,"href":"https:\/\/primicias2262.com\/noticias\/wp-json\/wp\/v2\/media\/106737"}],"wp:attachment":[{"href":"https:\/\/primicias2262.com\/noticias\/wp-json\/wp\/v2\/media?parent=117568"}],"wp:term":[{"taxonomy":"category","embeddable":true,"href":"https:\/\/primicias2262.com\/noticias\/wp-json\/wp\/v2\/categories?post=117568"},{"taxonomy":"post_tag","embeddable":true,"href":"https:\/\/primicias2262.com\/noticias\/wp-json\/wp\/v2\/tags?post=117568"}],"curies":[{"name":"wp","href":"https:\/\/api.w.org\/{rel}","templated":true}]}}