{"id":117570,"date":"2025-12-09T20:42:57","date_gmt":"2025-12-09T20:42:57","guid":{"rendered":"https:\/\/primicias2262.com\/noticias\/?p=117570"},"modified":"2025-12-09T17:18:27","modified_gmt":"2025-12-09T17:18:27","slug":"rojas-a-seis-anos-de-gestion-la-relacion-con-nacion-esta-totalmente-cortada-desde-diciembre-de-2023","status":"publish","type":"post","link":"https:\/\/primicias2262.com\/noticias\/rojas-a-seis-anos-de-gestion-la-relacion-con-nacion-esta-totalmente-cortada-desde-diciembre-de-2023\/","title":{"rendered":"Rojas, a seis a\u00f1os de gesti\u00f3n: \u201cLa relaci\u00f3n con Naci\u00f3n est\u00e1 totalmente cortada desde diciembre de 2023\u201d"},"content":{"rendered":"<p><strong>Al cumplirse seis a\u00f1os desde su llegada a la Intendencia, Arturo Rojas analiz\u00f3 el escenario actual entre los municipios y el Gobierno nacional, comparando los v\u00ednculos institucionales que sostuvo Necochea en distintos per\u00edodos. El jefe comunal dialog\u00f3 con el periodista Jorge G\u00f3mez en el programa Voces de la Ciudad (Estaci\u00f3n FREE, 90.3 FM), donde traz\u00f3 un balance de su gesti\u00f3n y cuestion\u00f3 la ausencia de recursos nacionales desde la asunci\u00f3n de La Libertad Avanza.<\/strong><\/p>\n<p>Rojas record\u00f3 que desde diciembre de 2023 \u201cla relaci\u00f3n con Naci\u00f3n se cort\u00f3\u201d, lo que afecta por igual \u2014seg\u00fan afirm\u00f3\u2014 a intendentes de todos los signos pol\u00edticos. \u201cNing\u00fan municipio ha logrado que se le env\u00eden recursos, ni siquiera en casos como el nuestro, donde hay obras finalizadas con convenios vigentes. La Naci\u00f3n nos adeuda muchos millones desde 2023, una deuda que adem\u00e1s se sigue devaluando\u201d, expres\u00f3.<\/p>\n<p>El intendente se\u00f1al\u00f3 que actualmente no existe canal de di\u00e1logo con ministros nacionales, pero que el municipio seguir\u00e1 insistiendo: \u201cHay que reclamar lo que nos corresponde como distrito. Necochea aporta mucho en impuestos y es injusto que cuando uno mira el presupuesto lo que viene de Naci\u00f3n es cero pesos\u201d.<\/p>\n<p>En contraste, Rojas repas\u00f3 que durante su primera gesti\u00f3n (2019-2023), la relaci\u00f3n con el Gobierno nacional permit\u00eda el acceso a obra p\u00fablica, incluso en pleno contexto de pandemia.<\/p>\n<p>\u201cLogramos recuperar espacios p\u00fablicos, avanzar en iluminaci\u00f3n \u2014con casi 2.000 luminarias reemplazadas\u2014, hacer bacheo, remodelar las costaneras de Necochea y Quequ\u00e9n, construir centros de salud y jardines de infantes, y presentar la primera etapa de la planta de clasificaci\u00f3n de residuos urbanos. Fue un per\u00edodo donde pudimos gestionar y concretar mucho\u201d, enumer\u00f3.<\/p>\n<p>Rojas afirm\u00f3 que la llegada de Javier Milei a la presidencia en 2023 implic\u00f3 \u201cel corte total\u201d de ese flujo de obras. \u201cCuando el Estado nacional decide retirarse de sus obligaciones, el privado no viene a suplir las cosas que podr\u00edan funcionar mejor\u201d, cuestion\u00f3. En particular, apunt\u00f3 al impacto en el sistema de salud: \u201cNos sacaron las c\u00e1pitas de PAMI, desfinanciando el sistema p\u00fablico y perjudicando a jubilados y pensionados. Eso repercute directamente en el presupuesto municipal\u201d.<\/p>\n<p>Como ejemplo, mencion\u00f3 el caso del Centro de Desarrollo Infantil, que termin\u00f3 convirti\u00e9ndose en un Centro de Desarrollo Integral Municipal, con centro de salud y el programa Envi\u00f3n incluidos. \u201cLo terminamos con recursos municipales, con un convenio vigente, pero Naci\u00f3n no mand\u00f3 un solo peso. No hemos recibido ni una lata de pintura\u201d, enfatiz\u00f3.<\/p>\n<p>El intendente tambi\u00e9n cuestion\u00f3 la distribuci\u00f3n de recursos nacionales. Record\u00f3 que Buenos Aires aporta el 38% del PBI, pero recibe \u201capenas el 7% de la coparticipaci\u00f3n\u201d. \u201cEl Estado nacional se queda con el 68% o 79% de los recursos, mientras que el resto se reparte entre las provincias. Los bonaerenses terminamos siendo solidarios con todo el pa\u00eds, principalmente con Naci\u00f3n, y eso repercute en los municipios\u201d, sostuvo.<\/p>\n<p>Rojas indic\u00f3 que, de manera indirecta, el Gobierno nacional \u201cobliga a los municipios a realizar un ajuste\u201d, en un momento del a\u00f1o especialmente complejo para las cuentas p\u00fablicas. Entre los factores que afectan a Necochea mencion\u00f3 la ca\u00edda de la coparticipaci\u00f3n y las deudas que mantiene la Provincia, como las del IOMA y el IPS. \u201cNo es lo mismo que nos paguen ahora o en enero\u201d, advirti\u00f3.<\/p>\n<p>En este marco, el intendente explic\u00f3 que el pago del medio aguinaldo est\u00e1 siendo evaluado \u201cen funci\u00f3n de los ingresos que vayan entrando\u201d, aunque remarc\u00f3 que los trabajadores municipales ser\u00e1n la prioridad absoluta. \u201cHasta que no cobren aguinaldo y sueldos los empleados, los funcionarios y concejales no van a cobrar. Orden\u00e9 liquidarlo por separado: primero los trabajadores y los gastos esenciales; luego, con alguna demora, el resto\u201d, asegur\u00f3.<\/p>\n<p>A seis a\u00f1os de su gesti\u00f3n, Rojas reafirm\u00f3 que insistir\u00e1 en reclamar los fondos que corresponden al distrito y que seguir\u00e1 administrando con cautela ante un escenario econ\u00f3mico incierto.<\/p>\n","protected":false},"excerpt":{"rendered":"<p>Al cumplirse seis a\u00f1os desde su llegada a la Intendencia, Arturo Rojas analiz\u00f3 el escenario actual entre los municipios y el Gobierno nacional, comparando los v\u00ednculos institucionales que sostuvo Necochea en distintos per\u00edodos. El jefe comunal dialog\u00f3 con el periodista Jorge G\u00f3mez en el programa Voces de la Ciudad (Estaci\u00f3n FREE, 90.3 FM), donde traz\u00f3 [&hellip;]<\/p>\n","protected":false},"author":3,"featured_media":107733,"comment_status":"open","ping_status":"open","sticky":false,"template":"","format":"standard","meta":{"footnotes":""},"categories":[5],"tags":[],"class_list":{"0":"post-117570","1":"post","2":"type-post","3":"status-publish","4":"format-standard","5":"has-post-thumbnail","7":"category-neco"},"_links":{"self":[{"href":"https:\/\/primicias2262.com\/noticias\/wp-json\/wp\/v2\/posts\/117570","targetHints":{"allow":["GET"]}}],"collection":[{"href":"https:\/\/primicias2262.com\/noticias\/wp-json\/wp\/v2\/posts"}],"about":[{"href":"https:\/\/primicias2262.com\/noticias\/wp-json\/wp\/v2\/types\/post"}],"author":[{"embeddable":true,"href":"https:\/\/primicias2262.com\/noticias\/wp-json\/wp\/v2\/users\/3"}],"replies":[{"embeddable":true,"href":"https:\/\/primicias2262.com\/noticias\/wp-json\/wp\/v2\/comments?post=117570"}],"version-history":[{"count":1,"href":"https:\/\/primicias2262.com\/noticias\/wp-json\/wp\/v2\/posts\/117570\/revisions"}],"predecessor-version":[{"id":117573,"href":"https:\/\/primicias2262.com\/noticias\/wp-json\/wp\/v2\/posts\/117570\/revisions\/117573"}],"wp:featuredmedia":[{"embeddable":true,"href":"https:\/\/primicias2262.com\/noticias\/wp-json\/wp\/v2\/media\/107733"}],"wp:attachment":[{"href":"https:\/\/primicias2262.com\/noticias\/wp-json\/wp\/v2\/media?parent=117570"}],"wp:term":[{"taxonomy":"category","embeddable":true,"href":"https:\/\/primicias2262.com\/noticias\/wp-json\/wp\/v2\/categories?post=117570"},{"taxonomy":"post_tag","embeddable":true,"href":"https:\/\/primicias2262.com\/noticias\/wp-json\/wp\/v2\/tags?post=117570"}],"curies":[{"name":"wp","href":"https:\/\/api.w.org\/{rel}","templated":true}]}}