{"id":117580,"date":"2025-12-09T22:14:40","date_gmt":"2025-12-09T22:14:40","guid":{"rendered":"https:\/\/primicias2262.com\/noticias\/?p=117580"},"modified":"2025-12-09T22:14:40","modified_gmt":"2025-12-09T22:14:40","slug":"el-particular-atuendo-de-javier-milei-en-su-llegada-a-oslo","status":"publish","type":"post","link":"https:\/\/primicias2262.com\/noticias\/el-particular-atuendo-de-javier-milei-en-su-llegada-a-oslo\/","title":{"rendered":"El particular atuendo de Javier Milei en su llegada a Oslo"},"content":{"rendered":"<p>El presidente\u00a0<strong>Javier Milei\u00a0<\/strong>lleg\u00f3 este martes a Oslo, Noruega, para participar de\u00a0<a href=\"https:\/\/noticiasargentinas.com\/internacionales\/maria-corina-machado--aguardan-su-presencia-y-su-palabra-en-oslo_a69384d62dd3ed36fdd5110b8\">la ceremonia de entrega del premio Nobel de la Paz a la dirigente venezolana Corina Machado<\/a>.<\/p>\n<p>Sorprendi\u00f3 el atuendo del Presidente, dado que, en lugar de vestir de manera formal,\u00a0<strong>se mostr\u00f3 con el mameluco de YPF<\/strong>, una decisi\u00f3n de indumentaria que fue celebrada incluso por el diputado de La Libertad Avanza (LLA)\u00a0<strong>Dami\u00e1n Arabia<\/strong>.<\/p>\n<p><i>\u201cJavier lleg\u00f3 a Oslo con el mameluco de YPF. Hablame de c\u00f3mo promover inversiones y promocionar Argentina en el mundo de maneras disruptivas e innovadoras<\/i>\u201d, expres\u00f3 el legislador desde sus redes sociales.<\/p>\n<p>Machado recibir\u00e1 la distinci\u00f3n internacional este mi\u00e9rcoles a las 9, en una ceremonia que contar\u00e1 con la presencia de otros tres jefes de Estado latinoamericanos: estar\u00e1n los presidentes de Paraguay,\u00a0<strong>Santiago Pe\u00f1a<\/strong>; de Panam\u00e1,\u00a0<strong>Jos\u00e9 Ra\u00fal Mulino<\/strong>, y de Ecuador,\u00a0<strong>Daniel Noboa<\/strong>, seg\u00fan pudo confirmar la\u00a0<a href=\"https:\/\/es.wikipedia.org\/wiki\/Noticias_Argentinas\" target=\"_blank\" rel=\"noopener nofollow\"><strong>Agencia Noticias Argentinas<\/strong><\/a><strong>.<\/strong><\/p>\n<p>Milei hab\u00eda recibido una invitaci\u00f3n personal por parte de Machado. Este mi\u00e9rcoles a partir de las 9 se llevar\u00e1 a cabo en el Ayuntamiento de Oslo la ceremonia de entrega del Premio Nobel de la Paz, despu\u00e9s de la cual el presidente argentino aprovechar\u00e1 para entrevistarse a las 11.30 con el rey de Noruega,\u00a0<strong>Harald V<\/strong>, y a las 13:10 con el primer ministro de ese pa\u00eds,\u00a0<strong>Jonas Gahr St\u00f8re<\/strong>.<\/p>\n<p>Concretada esta apretada agenda, Milei abordar\u00e1 el avi\u00f3n que lo traer\u00e1 de regreso a Buenos Aires en un vuelo especial a las 16 del mi\u00e9rcoles, por lo que llegar\u00e1 al pa\u00eds a las 9.30 del jueves.<\/p>\n<p title=\"__IP__\" data-ipspy=\"__IP__\">En octubre de este a\u00f1o, Machado fue galardonada con el Premio Nobel de la Paz por su \u201cincansable labor en favor de los derechos democr\u00e1ticos del pueblo venezolano y por su lucha\u201d.<span data-nosnippet=\"\">__IP__<\/span><\/p>\n<p>La l\u00edder de Vente Venezuela afirm\u00f3 que\u00a0<strong>vive \u201cen la clandestinidad dentro de su pa\u00eds\u201d<\/strong>\u00a0y que enfrenta constantes amenazas por parte del Gobierno de Maduro.<\/p>\n<p>La entrega del Premio Nobel, ceremonia que se realiza desde el a\u00f1o 1990, se transmitir\u00e1 en vivo por varias plataformas virtuales.<\/p>\n","protected":false},"excerpt":{"rendered":"<p>El presidente\u00a0Javier Milei\u00a0lleg\u00f3 este martes a Oslo, Noruega, para participar de\u00a0la ceremonia de entrega del premio Nobel de la Paz a la dirigente venezolana Corina Machado. Sorprendi\u00f3 el atuendo del Presidente, dado que, en lugar de vestir de manera formal,\u00a0se mostr\u00f3 con el mameluco de YPF, una decisi\u00f3n de indumentaria que fue celebrada incluso por [&hellip;]<\/p>\n","protected":false},"author":3,"featured_media":117581,"comment_status":"open","ping_status":"open","sticky":false,"template":"","format":"standard","meta":{"footnotes":""},"categories":[7],"tags":[],"class_list":{"0":"post-117580","1":"post","2":"type-post","3":"status-publish","4":"format-standard","5":"has-post-thumbnail","7":"category-nac"},"_links":{"self":[{"href":"https:\/\/primicias2262.com\/noticias\/wp-json\/wp\/v2\/posts\/117580","targetHints":{"allow":["GET"]}}],"collection":[{"href":"https:\/\/primicias2262.com\/noticias\/wp-json\/wp\/v2\/posts"}],"about":[{"href":"https:\/\/primicias2262.com\/noticias\/wp-json\/wp\/v2\/types\/post"}],"author":[{"embeddable":true,"href":"https:\/\/primicias2262.com\/noticias\/wp-json\/wp\/v2\/users\/3"}],"replies":[{"embeddable":true,"href":"https:\/\/primicias2262.com\/noticias\/wp-json\/wp\/v2\/comments?post=117580"}],"version-history":[{"count":1,"href":"https:\/\/primicias2262.com\/noticias\/wp-json\/wp\/v2\/posts\/117580\/revisions"}],"predecessor-version":[{"id":117582,"href":"https:\/\/primicias2262.com\/noticias\/wp-json\/wp\/v2\/posts\/117580\/revisions\/117582"}],"wp:featuredmedia":[{"embeddable":true,"href":"https:\/\/primicias2262.com\/noticias\/wp-json\/wp\/v2\/media\/117581"}],"wp:attachment":[{"href":"https:\/\/primicias2262.com\/noticias\/wp-json\/wp\/v2\/media?parent=117580"}],"wp:term":[{"taxonomy":"category","embeddable":true,"href":"https:\/\/primicias2262.com\/noticias\/wp-json\/wp\/v2\/categories?post=117580"},{"taxonomy":"post_tag","embeddable":true,"href":"https:\/\/primicias2262.com\/noticias\/wp-json\/wp\/v2\/tags?post=117580"}],"curies":[{"name":"wp","href":"https:\/\/api.w.org\/{rel}","templated":true}]}}