{"id":117589,"date":"2025-12-09T22:21:12","date_gmt":"2025-12-09T22:21:12","guid":{"rendered":"https:\/\/primicias2262.com\/noticias\/?p=117589"},"modified":"2025-12-09T22:21:12","modified_gmt":"2025-12-09T22:21:12","slug":"cuando-se-conoce-el-dato-de-inflacion-de-noviembre","status":"publish","type":"post","link":"https:\/\/primicias2262.com\/noticias\/cuando-se-conoce-el-dato-de-inflacion-de-noviembre\/","title":{"rendered":"\u00bfCu\u00e1ndo se conoce el dato de inflaci\u00f3n de noviembre?"},"content":{"rendered":"<p>El\u00a0<strong>Instituto Nacional de Estad\u00edsticas y Censos<\/strong>\u00a0(INDEC) difundir\u00e1 el pen\u00faltimo\u00a0<strong>dato de inflaci\u00f3n correspondiente al mes de noviembre.<\/strong>\u00a0Cu\u00e1ndo se conocer\u00e1 el indicador y que prev\u00e9n las consultoras.<\/p>\n<p>El indicador que el organismo estad\u00edstico revelar\u00e1 esta semana representar\u00eda la continuidad del retorno a las cifras que superan el 2%, que se dio en\u00a0<a href=\"https:\/\/noticiasargentinas.com\/article-preview\">septiembre<\/a>\u00a0y\u00a0<strong>se prev\u00e9 que se sostenga en los pr\u00f3ximos meses.<\/strong><\/p>\n<h3>Cu\u00e1ndo se difunde el dato de inflaci\u00f3n<\/h3>\n<p>El organismo que dirige\u00a0<strong>Marco Lavagna\u00a0<\/strong>dar\u00e1 a conocer el \u00cd<strong>ndice de Precios al Consumidor\u00a0<\/strong>(IPC) correspondiente al d\u00e9cimo primer mes del 2025\u00a0<strong>el pr\u00f3ximo jueves 11 de diciembre<\/strong>, a las 16 horas.<\/p>\n<p>Tras haber registrado una fuerte desaceleraci\u00f3n en\u00a0<a href=\"https:\/\/noticiasargentinas.com\/article-preview\"><strong>mayo<\/strong><\/a>\u00a0(1,5%) respecto a\u00a0<a href=\"https:\/\/noticiasargentinas.com\/article-preview\"><strong>abril<\/strong><\/a>\u00a0(2,8%) y\u00a0<a href=\"https:\/\/noticiasargentinas.com\/article-preview\"><strong>marzo<\/strong><\/a>\u00a0(3,7%), el \u00edndice inflacionario retom\u00f3 levemente la senda ascendente en\u00a0<a href=\"https:\/\/noticiasargentinas.com\/article-preview\"><strong>junio<\/strong><\/a>\u00a0(1,6%),<a href=\"https:\/\/noticiasargentinas.com\/economia\/el-indec-informo-la-inflacion-de-julio_a689cdfbed63c2a66ef7ebfdd\">\u00a0<strong>julio<\/strong><\/a>\u00a0y\u00a0<a href=\"https:\/\/noticiasargentinas.com\/economia\/el-indec-informo-la-inflacion-de-agosto_a68c1c4b364efc1a6c5d99c21\"><strong>agosto<\/strong><\/a>\u00a0(1,9% ambos), septiembre (2,1%) y\u00a0<a href=\"https:\/\/noticiasargentinas.com\/economia\/el-indec-informo-la-inflacion-de-octubre_a691374a7a2991110f2fe465c\"><strong>octubre<\/strong><\/a>\u00a0(2,3%), lo que<strong>\u00a0se habr\u00eda mantenido en noviembre<\/strong>, seg\u00fan estiman los analistas privados relevados por la\u00a0<a href=\"https:\/\/es.wikipedia.org\/wiki\/Noticias_Argentinas\" target=\"_blank\" rel=\"noopener nofollow\"><strong><u>Agencia Noticas Argentinas<\/u><\/strong><\/a>.<\/p>\n<h3>Qu\u00e9 estiman las consultoras<\/h3>\n<p>El reporte de\u00a0<strong>Equilibra<\/strong>\u00a0indic\u00f3 que la inflaci\u00f3n mensual\u00a0<strong>avanz\u00f3 el mes pasado al 2,5%<\/strong>, registrando los principales aumentos en los rubros vivienda, agua, electricidad y otros combustibles\u00a0<strong>(3,4%)<\/strong>, transporte\u00a0<strong>(3,4%)<\/strong>, comunicaci\u00f3n\u00a0<strong>(3,1%)<\/strong>\u00a0y alimentos y bebidas no alcoh\u00f3licas\u00a0<strong>(2,8%)<\/strong>. La variaci\u00f3n interanual fue estimada en 31%.<\/p>\n<p><strong>EcoGo Consultores<\/strong>, por su parte, estim\u00f3 que la inflaci\u00f3n del mes pasado\u00a0<strong>alcanz\u00f3 el 2,5%<\/strong>, con una variaci\u00f3n promedio en alimentos y bebidas que trep\u00f3 al 3%, sosteniendo que \u201cnoviembre fue un mes de\u00a0<strong>normalizaci\u00f3n pero tambi\u00e9n de correcciones<\/strong>, que contribuyeron a mantener la inflaci\u00f3n al alza\u201d.<\/p>\n<p>La\u00a0<strong>Fundaci\u00f3n Libertad y Progreso<\/strong>\u00a0estim\u00f3 que la inflaci\u00f3n\u00a0<strong>cerr\u00f3 en 2,3% en noviembre<\/strong>. De esta manera, en lo que va del a\u00f1o, la inflaci\u00f3n acumulada es del 27,7%, mientras que la variaci\u00f3n interanual se ubic\u00f3 en 31,2%, continuando con su desaceleraci\u00f3n.<\/p>\n<p>El relevamiento de precios minoristas de la consultora\u00a0<strong>C&amp;T<\/strong>\u00a0para la regi\u00f3n Gran Buenos Aires tuvo un\u00a0<strong>incremento mensual de 2,4%<\/strong>\u00a0el mes pasado, explicando que \u201cla din\u00e1mica de los precios durante el mes estuvo particularmente influida por tres factores: el precio de la carne vacuna, el\u00a0<strong>Cyber Monday<\/strong>\u00a0y los servicios regulados\u201d.<\/p>\n<p title=\"__IP__\" data-ipspy=\"__IP__\">En paralelo,\u00a0<a href=\"https:\/\/noticiasargentinas.com\/economia\/dolar-mas-bajo-e-inflacion-por-encima-del-2---que-espera-el-mercado-para-fin-de-ano_a6931fc60dd3ed36fdd8b3410\">el\u00a0Relevamiento de Expectativas de Mercado (REM) que difunde el Banco Central (BCRA)<\/a>\u00a0estima una\u00a0<strong>inflaci\u00f3n mensual de 2,3% para noviembre<\/strong>.<span data-nosnippet=\"\">__IP__<\/span><\/p>\n<p>En relaci\u00f3n a\u00a0<a href=\"https:\/\/noticiasargentinas.com\/economia\/dolar-mas-bajo-e-inflacion-por-encima-del-2---que-espera-el-mercado-para-fin-de-ano_a6931fc60dd3ed36fdd8b3410\"><strong>diciembre<\/strong><\/a>,\u00a0se proyecta una inflaci\u00f3n nivel general de\u00a0<strong>2,1%\u00a0<\/strong>(+0,1 p.p. respecto del REM previo)\u00a0<strong>y continuar un sendero mensual descendente<\/strong>\u00a0que se extiende a mayo del 2026,\u00a0<strong>hasta alcanzar 1,5%.<\/strong><\/p>\n","protected":false},"excerpt":{"rendered":"<p>El\u00a0Instituto Nacional de Estad\u00edsticas y Censos\u00a0(INDEC) difundir\u00e1 el pen\u00faltimo\u00a0dato de inflaci\u00f3n correspondiente al mes de noviembre.\u00a0Cu\u00e1ndo se conocer\u00e1 el indicador y que prev\u00e9n las consultoras. El indicador que el organismo estad\u00edstico revelar\u00e1 esta semana representar\u00eda la continuidad del retorno a las cifras que superan el 2%, que se dio en\u00a0septiembre\u00a0y\u00a0se prev\u00e9 que se sostenga en [&hellip;]<\/p>\n","protected":false},"author":3,"featured_media":102906,"comment_status":"open","ping_status":"open","sticky":false,"template":"","format":"standard","meta":{"footnotes":""},"categories":[7],"tags":[],"class_list":{"0":"post-117589","1":"post","2":"type-post","3":"status-publish","4":"format-standard","5":"has-post-thumbnail","7":"category-nac"},"_links":{"self":[{"href":"https:\/\/primicias2262.com\/noticias\/wp-json\/wp\/v2\/posts\/117589","targetHints":{"allow":["GET"]}}],"collection":[{"href":"https:\/\/primicias2262.com\/noticias\/wp-json\/wp\/v2\/posts"}],"about":[{"href":"https:\/\/primicias2262.com\/noticias\/wp-json\/wp\/v2\/types\/post"}],"author":[{"embeddable":true,"href":"https:\/\/primicias2262.com\/noticias\/wp-json\/wp\/v2\/users\/3"}],"replies":[{"embeddable":true,"href":"https:\/\/primicias2262.com\/noticias\/wp-json\/wp\/v2\/comments?post=117589"}],"version-history":[{"count":1,"href":"https:\/\/primicias2262.com\/noticias\/wp-json\/wp\/v2\/posts\/117589\/revisions"}],"predecessor-version":[{"id":117590,"href":"https:\/\/primicias2262.com\/noticias\/wp-json\/wp\/v2\/posts\/117589\/revisions\/117590"}],"wp:featuredmedia":[{"embeddable":true,"href":"https:\/\/primicias2262.com\/noticias\/wp-json\/wp\/v2\/media\/102906"}],"wp:attachment":[{"href":"https:\/\/primicias2262.com\/noticias\/wp-json\/wp\/v2\/media?parent=117589"}],"wp:term":[{"taxonomy":"category","embeddable":true,"href":"https:\/\/primicias2262.com\/noticias\/wp-json\/wp\/v2\/categories?post=117589"},{"taxonomy":"post_tag","embeddable":true,"href":"https:\/\/primicias2262.com\/noticias\/wp-json\/wp\/v2\/tags?post=117589"}],"curies":[{"name":"wp","href":"https:\/\/api.w.org\/{rel}","templated":true}]}}