{"id":117592,"date":"2025-12-10T19:57:20","date_gmt":"2025-12-10T19:57:20","guid":{"rendered":"https:\/\/primicias2262.com\/noticias\/?p=117592"},"modified":"2025-12-11T19:53:14","modified_gmt":"2025-12-11T19:53:14","slug":"mauro-velazquez-cerro-su-mandato-en-el-concejo-y-adelanto-que-redoblara-el-esfuerzo-militante-de-cara-al-2027","status":"publish","type":"post","link":"https:\/\/primicias2262.com\/noticias\/mauro-velazquez-cerro-su-mandato-en-el-concejo-y-adelanto-que-redoblara-el-esfuerzo-militante-de-cara-al-2027\/","title":{"rendered":"Mauro Vel\u00e1zquez cerr\u00f3 su mandato en el Concejo y adelant\u00f3 que \u201credoblar\u00e1 el esfuerzo militante\u201d de cara al 2027"},"content":{"rendered":"<p><strong>El concejal de Uni\u00f3n por la Patria, Mauro Vel\u00e1zquez, culmin\u00f3 este mi\u00e9rcoles 10 de diciembre su mandato en el Concejo Deliberante de Necochea y realiz\u00f3 un balance de su paso por el cuerpo legislativo durante la \u00faltima sesi\u00f3n del a\u00f1o. En di\u00e1logo con el periodista Jorge G\u00f3mez, en el programa Voces de la Ciudad por Estaci\u00f3n FREE 90.3, repas\u00f3 su trayectoria, dej\u00f3 fuertes definiciones pol\u00edticas y adelant\u00f3 sus objetivos para el futuro.<\/strong><\/p>\n<p>Vel\u00e1zquez record\u00f3 que su camino en la militancia comenz\u00f3 a temprana edad: \u201cHe militado desde los 18 a\u00f1os y los cargos me han llegado de grande. Tuve la posibilidad de estar en el Ejecutivo y ahora la oportunidad de terminar mi mandato en el Concejo Deliberante. Es un lugar donde pasan todos los temas, y en mi caso, m\u00e1s all\u00e1 del rol institucional, nunca dej\u00e9 la militancia\u201d.<\/p>\n<p>El dirigente peronista enfatiz\u00f3 la responsabilidad que, seg\u00fan su mirada, deben asumir quienes ocupan espacios p\u00fablicos. \u201cA la pol\u00edtica y al rol institucional hay que darles mucha responsabilidad, y me pone mal cuando hay banalidades. Las transmito y las digo\u201d, expres\u00f3, marcando diferencias con sectores que \u2014seg\u00fan se\u00f1al\u00f3\u2014 no toman la funci\u00f3n p\u00fablica con la seriedad necesaria.<\/p>\n<p>En ese marco, apunt\u00f3 especialmente contra La Libertad Avanza. \u201cVeo que hay espacios que lo toman con banalidad y simpleza, por ejemplo La Libertad Avanza. Cuando nos toca representar con orgullo a nuestra sociedad en el Concejo, a veces hay que meter las patas en el barro y dar el debate, pero he visto que muchos han pasado a camiseta seca, lamentablemente\u201d.<\/p>\n<p>Ya sin el compromiso institucional de una banca, Vel\u00e1zquez asegur\u00f3 que su tarea pol\u00edtica continuar\u00e1 con m\u00e1s intensidad. \u201cSigo militando como el primer d\u00eda y voy a trabajar para que La Libertad Avanza no sea gobierno en Necochea, porque entiendo que no es una fuerza que represente a la sociedad. Lo que proponen tiene que ver con la banalidad\u2026 en realidad, no proponen nada. Y estoy seguro de que no quiero ver a mi ciudad en manos de esa corriente pol\u00edtica\u201d.<\/p>\n<p>El concejal saliente, e integrante del Frente renovador local, agreg\u00f3: \u201cEl rol que me toca al partir es el que vengo teniendo desde hace muchos a\u00f1os, pero voy a redoblar el esfuerzo y militar\u00e9 mucho m\u00e1s. La situaci\u00f3n actual nos preocupa y nos hemos planteado trabajar sobre un proyecto pol\u00edtico que integre a toda la sociedad, no a un sector min\u00fasculo\u201d.<\/p>\n<p>Vel\u00e1zquez se\u00f1al\u00f3 que el peronismo local debe abrir un proceso de debate interno: \u201cEs el momento de dar discusiones dentro de nuestro espacio. Nos debemos una renovaci\u00f3n y un proyecto pol\u00edtico que involucre a la sociedad; de lo contrario, estaremos siempre discutiendo uno o dos concejales. Es fundamental que en 2027 haya un compa\u00f1ero o compa\u00f1era que gu\u00ede los destinos de la ciudad\u201d.<\/p>\n<p>Finalmente, destac\u00f3 el v\u00ednculo construido con concejales de otros espacios a pesar de las diferencias pol\u00edticas. \u201cAyer tuvimos la \u00faltima sesi\u00f3n y quiero destacar que con Jorge Mart\u00ednez, del oficialismo de Nueva Necochea, nos fuimos de buena manera. M\u00e1s all\u00e1 de los debates de estos cuatro a\u00f1os, le tengo un aprecio: es un gran trabajador. Se ha puesto la camiseta de su espacio y ha hecho su funci\u00f3n en el Ejecutivo y en el Legislativo siempre con responsabilidad. Podemos estar o no de acuerdo \u2014en mi caso, muchas veces no lo hemos estado\u2014, pero s\u00ed quiero remarcar que es un trabajador\u201d.<\/p>\n","protected":false},"excerpt":{"rendered":"<p>El concejal de Uni\u00f3n por la Patria, Mauro Vel\u00e1zquez, culmin\u00f3 este mi\u00e9rcoles 10 de diciembre su mandato en el Concejo Deliberante de Necochea y realiz\u00f3 un balance de su paso por el cuerpo legislativo durante la \u00faltima sesi\u00f3n del a\u00f1o. En di\u00e1logo con el periodista Jorge G\u00f3mez, en el programa Voces de la Ciudad por [&hellip;]<\/p>\n","protected":false},"author":3,"featured_media":117597,"comment_status":"open","ping_status":"open","sticky":false,"template":"","format":"standard","meta":{"footnotes":""},"categories":[3],"tags":[],"class_list":{"0":"post-117592","1":"post","2":"type-post","3":"status-publish","4":"format-standard","5":"has-post-thumbnail","7":"category-masnoticias"},"_links":{"self":[{"href":"https:\/\/primicias2262.com\/noticias\/wp-json\/wp\/v2\/posts\/117592","targetHints":{"allow":["GET"]}}],"collection":[{"href":"https:\/\/primicias2262.com\/noticias\/wp-json\/wp\/v2\/posts"}],"about":[{"href":"https:\/\/primicias2262.com\/noticias\/wp-json\/wp\/v2\/types\/post"}],"author":[{"embeddable":true,"href":"https:\/\/primicias2262.com\/noticias\/wp-json\/wp\/v2\/users\/3"}],"replies":[{"embeddable":true,"href":"https:\/\/primicias2262.com\/noticias\/wp-json\/wp\/v2\/comments?post=117592"}],"version-history":[{"count":3,"href":"https:\/\/primicias2262.com\/noticias\/wp-json\/wp\/v2\/posts\/117592\/revisions"}],"predecessor-version":[{"id":117602,"href":"https:\/\/primicias2262.com\/noticias\/wp-json\/wp\/v2\/posts\/117592\/revisions\/117602"}],"wp:featuredmedia":[{"embeddable":true,"href":"https:\/\/primicias2262.com\/noticias\/wp-json\/wp\/v2\/media\/117597"}],"wp:attachment":[{"href":"https:\/\/primicias2262.com\/noticias\/wp-json\/wp\/v2\/media?parent=117592"}],"wp:term":[{"taxonomy":"category","embeddable":true,"href":"https:\/\/primicias2262.com\/noticias\/wp-json\/wp\/v2\/categories?post=117592"},{"taxonomy":"post_tag","embeddable":true,"href":"https:\/\/primicias2262.com\/noticias\/wp-json\/wp\/v2\/tags?post=117592"}],"curies":[{"name":"wp","href":"https:\/\/api.w.org\/{rel}","templated":true}]}}