{"id":117606,"date":"2025-12-11T00:30:53","date_gmt":"2025-12-11T00:30:53","guid":{"rendered":"https:\/\/primicias2262.com\/noticias\/?p=117606"},"modified":"2025-12-11T00:30:53","modified_gmt":"2025-12-11T00:30:53","slug":"el-gobierno-felicito-a-maria-corina-machado-por-el-premio-nobel-de-la-paz","status":"publish","type":"post","link":"https:\/\/primicias2262.com\/noticias\/el-gobierno-felicito-a-maria-corina-machado-por-el-premio-nobel-de-la-paz\/","title":{"rendered":"El Gobierno felicit\u00f3 a Mar\u00eda Corina Machado por el Premio N\u00f3bel de la Paz"},"content":{"rendered":"<p>La\u00a0<strong>Oficina del Presidente<\/strong>\u00a0felicit\u00f3 hoy a la l\u00edder opositora venezolana\u00a0<strong>Mar\u00eda Corina Machado<\/strong>, por la distinci\u00f3n como ganadora del\u00a0<strong>Premio Nobel de la Paz 2025.<\/strong><\/p>\n<p>Este mi\u00e9rcoles, la hija de la activista venezolana,<strong>\u00a0Ana Corina Sosa<\/strong>, recibi\u00f3 el galard\u00f3n en Oslo, la capital de Noruega, en una ceremonia a la que no pudo llegar a tiempo.<\/p>\n<p>Durante la entrega de la distinci\u00f3n estuvo el presidente\u00a0<strong>Javier Milei\u00a0<\/strong>junto a sus pares de Ecuador,<strong>\u00a0Daniel Noboa,<\/strong>\u00a0de Paraguay,<strong>\u00a0Santiago Pe\u00f1a<\/strong>, y de Panam\u00e1,\u00a0<strong>Jos\u00e9 Ra\u00fal Mulino<\/strong>.<\/p>\n<p>\u201c<strong>La se\u00f1ora Machado es la activista y pol\u00edtica venezolana m\u00e1s reconocida a nivel mundial por su lucha incansable en defensa de la democracia, los derechos humanos y las libertades individuales en su patria<\/strong>\u201d, destac\u00f3 el comunicado difundido por la Oficina del Presidente, al que accedi\u00f3 la\u00a0<a href=\"https:\/\/es.wikipedia.org\/wiki\/Noticias_Argentinas\" target=\"_blank\" rel=\"noopener nofollow\"><strong>Agencia Noticias Argentinas (NA)<\/strong><\/a>.<\/p>\n<p title=\"__IP__\" data-ipspy=\"__IP__\">Para el Gobierno nacional,\u00a0<strong>\u201ceste galard\u00f3n representa un merecido reconocimiento a su labor y contribuye a amplificar la voz del pueblo venezolano, que ha sufrido las atrocidades de un r\u00e9gimen socialista que ha perdido toda legitimidad y que busca retener el poder por la fuerza,<\/strong>\u00a0ignorando la voluntad expresada en las urnas cuando los venezolanos eligieron a Edmundo Gonz\u00e1lez Urrutia en julio del a\u00f1o pasado\u201d.<span data-nosnippet=\"\">__IP__<\/span><\/p>\n<p>Tambi\u00e9n subrayaron que\u00a0<strong>Milei \u201ctrabaja incansablemente, junto a l\u00edderes venezolanos y mundiales, para que en Venezuela regrese la democracia, el sistema republicano, el Estado de Derecho, la libertad y los derechos individuales<\/strong>\u201d.<\/p>\n","protected":false},"excerpt":{"rendered":"<p>La\u00a0Oficina del Presidente\u00a0felicit\u00f3 hoy a la l\u00edder opositora venezolana\u00a0Mar\u00eda Corina Machado, por la distinci\u00f3n como ganadora del\u00a0Premio Nobel de la Paz 2025. Este mi\u00e9rcoles, la hija de la activista venezolana,\u00a0Ana Corina Sosa, recibi\u00f3 el galard\u00f3n en Oslo, la capital de Noruega, en una ceremonia a la que no pudo llegar a tiempo. Durante la entrega [&hellip;]<\/p>\n","protected":false},"author":3,"featured_media":117607,"comment_status":"open","ping_status":"open","sticky":false,"template":"","format":"standard","meta":{"footnotes":""},"categories":[7],"tags":[],"class_list":{"0":"post-117606","1":"post","2":"type-post","3":"status-publish","4":"format-standard","5":"has-post-thumbnail","7":"category-nac"},"_links":{"self":[{"href":"https:\/\/primicias2262.com\/noticias\/wp-json\/wp\/v2\/posts\/117606","targetHints":{"allow":["GET"]}}],"collection":[{"href":"https:\/\/primicias2262.com\/noticias\/wp-json\/wp\/v2\/posts"}],"about":[{"href":"https:\/\/primicias2262.com\/noticias\/wp-json\/wp\/v2\/types\/post"}],"author":[{"embeddable":true,"href":"https:\/\/primicias2262.com\/noticias\/wp-json\/wp\/v2\/users\/3"}],"replies":[{"embeddable":true,"href":"https:\/\/primicias2262.com\/noticias\/wp-json\/wp\/v2\/comments?post=117606"}],"version-history":[{"count":1,"href":"https:\/\/primicias2262.com\/noticias\/wp-json\/wp\/v2\/posts\/117606\/revisions"}],"predecessor-version":[{"id":117608,"href":"https:\/\/primicias2262.com\/noticias\/wp-json\/wp\/v2\/posts\/117606\/revisions\/117608"}],"wp:featuredmedia":[{"embeddable":true,"href":"https:\/\/primicias2262.com\/noticias\/wp-json\/wp\/v2\/media\/117607"}],"wp:attachment":[{"href":"https:\/\/primicias2262.com\/noticias\/wp-json\/wp\/v2\/media?parent=117606"}],"wp:term":[{"taxonomy":"category","embeddable":true,"href":"https:\/\/primicias2262.com\/noticias\/wp-json\/wp\/v2\/categories?post=117606"},{"taxonomy":"post_tag","embeddable":true,"href":"https:\/\/primicias2262.com\/noticias\/wp-json\/wp\/v2\/tags?post=117606"}],"curies":[{"name":"wp","href":"https:\/\/api.w.org\/{rel}","templated":true}]}}