{"id":117616,"date":"2025-12-11T16:45:35","date_gmt":"2025-12-11T16:45:35","guid":{"rendered":"https:\/\/primicias2262.com\/noticias\/?p=117616"},"modified":"2025-12-15T23:27:07","modified_gmt":"2025-12-15T23:27:07","slug":"organizan-una-colecta-de-caramelos-para-la-tradicional-recorrida-de-los-reyes-magos-en-quequen","status":"publish","type":"post","link":"https:\/\/primicias2262.com\/noticias\/organizan-una-colecta-de-caramelos-para-la-tradicional-recorrida-de-los-reyes-magos-en-quequen\/","title":{"rendered":"Organizan una colecta de caramelos para la tradicional recorrida de los Reyes Magos en Quequ\u00e9n"},"content":{"rendered":"<p><strong>Como cada verano, los Reyes Magos volver\u00e1n a recorrer las calles de Quequ\u00e9n el pr\u00f3ximo 5 de enero, y para que ning\u00fan ni\u00f1o se quede sin su bolsita de caramelos, ya se puso en marcha una campa\u00f1a solidaria de recolecci\u00f3n. Uno de los impulsores de esta iniciativa, Ariel Bracklo, dialog\u00f3 con el periodista Jorge G\u00f3mez en Voces de la Ciudad, por Estaci\u00f3n FREE 90.3 FM, y brind\u00f3 detalles de la organizaci\u00f3n y de c\u00f3mo colaborar.<\/strong><\/p>\n<p>Bracklo cont\u00f3 que la propuesta lleva m\u00e1s de una d\u00e9cada acompa\u00f1ando a las familias: \u201cYa vamos para los 11 a\u00f1os con este tema, lo cual naci\u00f3 con el impulso de Daniel Picardi en su momento. Llevamos 600 bolsitas armadas; el a\u00f1o pasado hicimos m\u00e1s de 5 mil y vamos de a poco sumando para repartir\u201d.<\/p>\n<p>El vecino explic\u00f3 que la necesidad principal es juntar caramelos: \u201cSolicitamos los masticables, que son los m\u00e1s baratitos, y la gente se nos acerca con lo que puede para sacarle una sonrisa a los chicos\u201d.<\/p>\n<p>Quienes quieran donar pueden acercarse al Lubricentro de Quequ\u00e9n, ubicado junto al Puente Colgante, \u201cdonde est\u00e1n los portones naranjas\u201d. Tambi\u00e9n pueden coordinar la entrega directamente con \u00e9l al 2262-414769. \u201cSi me avisan, los paso a buscar\u201d, asegur\u00f3.<\/p>\n<p>Bracklo destac\u00f3 el apoyo que reciben cada a\u00f1o para que la recorrida sea posible. \u201cAgradecemos a toda la gente, ya hablamos con Tr\u00e1nsito, que nos ayudar\u00e1 con el acompa\u00f1amiento de la moto\u201d.<\/p>\n<p>Adem\u00e1s, remarc\u00f3 que el trabajo es colectivo: \u201cVamos Marcelo Guti\u00e9rrez, Carlos Anzorena y yo, los tres a la par, pero tambi\u00e9n tenemos madres que embolsan caramelos y mucha gente que nos da una mano, como Mart\u00edn Salcedo, el delegado de Quequ\u00e9n Mario Wilgenhoff, o Silvia Jensen en la municipalidad\u201d.<\/p>\n<p>Con el aporte de vecinos, comercios e instituciones, los organizadores esperan superar las cifras del a\u00f1o anterior y llevar alegr\u00eda a miles de chicos y chicas de Quequ\u00e9n en la m\u00e1gica noche de Reyes.<\/p>\n","protected":false},"excerpt":{"rendered":"<p>Como cada verano, los Reyes Magos volver\u00e1n a recorrer las calles de Quequ\u00e9n el pr\u00f3ximo 5 de enero, y para que ning\u00fan ni\u00f1o se quede sin su bolsita de caramelos, ya se puso en marcha una campa\u00f1a solidaria de recolecci\u00f3n. Uno de los impulsores de esta iniciativa, Ariel Bracklo, dialog\u00f3 con el periodista Jorge G\u00f3mez [&hellip;]<\/p>\n","protected":false},"author":3,"featured_media":105221,"comment_status":"open","ping_status":"open","sticky":false,"template":"","format":"standard","meta":{"footnotes":""},"categories":[3],"tags":[],"class_list":{"0":"post-117616","1":"post","2":"type-post","3":"status-publish","4":"format-standard","5":"has-post-thumbnail","7":"category-masnoticias"},"_links":{"self":[{"href":"https:\/\/primicias2262.com\/noticias\/wp-json\/wp\/v2\/posts\/117616","targetHints":{"allow":["GET"]}}],"collection":[{"href":"https:\/\/primicias2262.com\/noticias\/wp-json\/wp\/v2\/posts"}],"about":[{"href":"https:\/\/primicias2262.com\/noticias\/wp-json\/wp\/v2\/types\/post"}],"author":[{"embeddable":true,"href":"https:\/\/primicias2262.com\/noticias\/wp-json\/wp\/v2\/users\/3"}],"replies":[{"embeddable":true,"href":"https:\/\/primicias2262.com\/noticias\/wp-json\/wp\/v2\/comments?post=117616"}],"version-history":[{"count":1,"href":"https:\/\/primicias2262.com\/noticias\/wp-json\/wp\/v2\/posts\/117616\/revisions"}],"predecessor-version":[{"id":117618,"href":"https:\/\/primicias2262.com\/noticias\/wp-json\/wp\/v2\/posts\/117616\/revisions\/117618"}],"wp:featuredmedia":[{"embeddable":true,"href":"https:\/\/primicias2262.com\/noticias\/wp-json\/wp\/v2\/media\/105221"}],"wp:attachment":[{"href":"https:\/\/primicias2262.com\/noticias\/wp-json\/wp\/v2\/media?parent=117616"}],"wp:term":[{"taxonomy":"category","embeddable":true,"href":"https:\/\/primicias2262.com\/noticias\/wp-json\/wp\/v2\/categories?post=117616"},{"taxonomy":"post_tag","embeddable":true,"href":"https:\/\/primicias2262.com\/noticias\/wp-json\/wp\/v2\/tags?post=117616"}],"curies":[{"name":"wp","href":"https:\/\/api.w.org\/{rel}","templated":true}]}}