{"id":117619,"date":"2025-12-11T19:38:08","date_gmt":"2025-12-11T19:38:08","guid":{"rendered":"https:\/\/primicias2262.com\/noticias\/?p=117619"},"modified":"2025-12-11T19:38:08","modified_gmt":"2025-12-11T19:38:08","slug":"el-ipc-subio-25-en-noviembre-de-2025-y-la-inflacion-interanual-alcanzo-el-314","status":"publish","type":"post","link":"https:\/\/primicias2262.com\/noticias\/el-ipc-subio-25-en-noviembre-de-2025-y-la-inflacion-interanual-alcanzo-el-314\/","title":{"rendered":"El IPC subi\u00f3 2,5% en noviembre de 2025 y la inflaci\u00f3n interanual alcanz\u00f3 el 31,4%"},"content":{"rendered":"<p>El \u00cdndice de Precios al Consumidor (<strong>IPC<\/strong>) registr\u00f3 un aumento del\u00a0<strong>2,5%<\/strong>\u00a0en noviembre de 2025 respecto al mes anterior, una nueva aceleraci\u00f3n del \u00edndice que se ubica por encima del 2,3% registrado en octubre. De esta forma, la inflaci\u00f3n acumulada en once meses alcanz\u00f3 el\u00a0<strong>27,9%<\/strong>, mientras que la variaci\u00f3n interanual se ubic\u00f3 en el\u00a0<strong>31,4%<\/strong>.<\/p>\n<p title=\"__IP__\" data-ipspy=\"__IP__\"><strong>Seg\u00fan supo la\u00a0<\/strong><a href=\"https:\/\/es.wikipedia.org\/wiki\/Noticias_Argentinas\" target=\"_blank\" rel=\"noopener nofollow\"><strong>Agencia Noticias Argentinas<\/strong><\/a>, el dato oficial del Instituto Nacional de Estad\u00edstica y Censos (<strong>INDEC<\/strong>) se difundi\u00f3 en un contexto donde las\u00a0<a href=\"https:\/\/noticiasargentinas.com\/economia\/inflacion--revelan-el-dato-oficial-de-noviembre-que-otra-vez-daria-por-encima-del-2-_a6935b181dd3ed36fdd15f0d7\">consultoras privadas<\/a> hab\u00edan proyectado una inflaci\u00f3n mensual de entre 2,3% y 2,5%.<\/p>\n<p><strong>Vivienda, agua, electricidad, gas y otros combustibles<\/strong>\u00a0(3,4%),\u00a0<strong>Transporte<\/strong>\u00a0(3%) y\u00a0<strong>Alimentos y bebidas no alcoh\u00f3licas<\/strong>\u00a0(2,8%) fueron las divisiones con mayor aumento durante el pen\u00faltimo mes del a\u00f1o.<\/p>\n<p>Mientras que las de menor variaci\u00f3n se ubican\u00a0<strong>Prendas de vestir y calzado<\/strong>\u00a0y\u00a0<strong>Equipamiento y mantenimiento del hogar<\/strong>\u00a0con 0,5% y 1,1%, respectivamente.<\/p>\n","protected":false},"excerpt":{"rendered":"<p>El \u00cdndice de Precios al Consumidor (IPC) registr\u00f3 un aumento del\u00a02,5%\u00a0en noviembre de 2025 respecto al mes anterior, una nueva aceleraci\u00f3n del \u00edndice que se ubica por encima del 2,3% registrado en octubre. De esta forma, la inflaci\u00f3n acumulada en once meses alcanz\u00f3 el\u00a027,9%, mientras que la variaci\u00f3n interanual se ubic\u00f3 en el\u00a031,4%. Seg\u00fan supo [&hellip;]<\/p>\n","protected":false},"author":3,"featured_media":115033,"comment_status":"open","ping_status":"open","sticky":false,"template":"","format":"standard","meta":{"footnotes":""},"categories":[7],"tags":[],"class_list":{"0":"post-117619","1":"post","2":"type-post","3":"status-publish","4":"format-standard","5":"has-post-thumbnail","7":"category-nac"},"_links":{"self":[{"href":"https:\/\/primicias2262.com\/noticias\/wp-json\/wp\/v2\/posts\/117619","targetHints":{"allow":["GET"]}}],"collection":[{"href":"https:\/\/primicias2262.com\/noticias\/wp-json\/wp\/v2\/posts"}],"about":[{"href":"https:\/\/primicias2262.com\/noticias\/wp-json\/wp\/v2\/types\/post"}],"author":[{"embeddable":true,"href":"https:\/\/primicias2262.com\/noticias\/wp-json\/wp\/v2\/users\/3"}],"replies":[{"embeddable":true,"href":"https:\/\/primicias2262.com\/noticias\/wp-json\/wp\/v2\/comments?post=117619"}],"version-history":[{"count":1,"href":"https:\/\/primicias2262.com\/noticias\/wp-json\/wp\/v2\/posts\/117619\/revisions"}],"predecessor-version":[{"id":117620,"href":"https:\/\/primicias2262.com\/noticias\/wp-json\/wp\/v2\/posts\/117619\/revisions\/117620"}],"wp:featuredmedia":[{"embeddable":true,"href":"https:\/\/primicias2262.com\/noticias\/wp-json\/wp\/v2\/media\/115033"}],"wp:attachment":[{"href":"https:\/\/primicias2262.com\/noticias\/wp-json\/wp\/v2\/media?parent=117619"}],"wp:term":[{"taxonomy":"category","embeddable":true,"href":"https:\/\/primicias2262.com\/noticias\/wp-json\/wp\/v2\/categories?post=117619"},{"taxonomy":"post_tag","embeddable":true,"href":"https:\/\/primicias2262.com\/noticias\/wp-json\/wp\/v2\/tags?post=117619"}],"curies":[{"name":"wp","href":"https:\/\/api.w.org\/{rel}","templated":true}]}}